{"id":5149,"date":"2026-04-29T01:41:06","date_gmt":"2026-04-29T01:41:06","guid":{"rendered":"https:\/\/elpuclitico.cl\/?p=5149"},"modified":"2026-04-29T01:41:08","modified_gmt":"2026-04-29T01:41:08","slug":"el-bullying-selectivo","status":"publish","type":"post","link":"https:\/\/elpuclitico.cl\/index.php\/2026\/04\/29\/el-bullying-selectivo\/","title":{"rendered":"El bullying selectivo"},"content":{"rendered":"\n<p>Ayer 27 de abril, frente a las cr\u00edticas a su gesti\u00f3n, la ministra Mara Sedini afirm\u00f3: \u201cCuando a la izquierda le faltan argumentos, recurre al bullying\u201d. M\u00e1s all\u00e1 del debate sobre los l\u00edmites del tono en pol\u00edtica \u2014que dif\u00edcilmente puede reducirse a una disputa entre izquierda y derecha\u2014, la declaraci\u00f3n abre una pregunta m\u00e1s inc\u00f3moda: \u00bfqui\u00e9n puede permitirse hoy denunciar aquello que ayer parec\u00eda parte normal del debate? Y es precisamente en esa tensi\u00f3n donde su afirmaci\u00f3n adquiere un car\u00e1cter, por decirlo suavemente, hip\u00f3crita.<\/p>\n\n\n\n<p>No se trata de negar que algunas cr\u00edticas han sido excesivas \u2014o incluso desubicadas\u2014 ni de defender formas de ataque personal que poco aportan al di\u00e1logo democr\u00e1tico. Pero reducir las cr\u00edticas a una cuesti\u00f3n de \u201cbullying\u201d significa desplazar la conversaci\u00f3n desde el contenido hacia la forma, evitando as\u00ed enfrentar el fondo del cuestionamiento.<\/p>\n\n\n\n<p>El problema no queda solo ah\u00ed. Muchos recuerdan algunas declaraciones de la actual vocera durante el gobierno anterior \u2014y tambi\u00e9n su paso por el programa Sin Filtros, donde el intercambio suele privilegiar el eslogan por sobre el argumento\u2014: \u201cEste presidente (Boric) a m\u00ed me provoca verg\u00fcenza ajena\u201d, o \u201cMiss de las fake news, licenciada en mentiras, mag\u00edster en censura y doctorado en cara de palo\u201d, en referencia a Camila Vallejo. No se trata de episodios aislados, sino de un tono que formaba parte habitual del debate cuando le tocaba estar en la oposici\u00f3n.<\/p>\n\n\n\n<p>M\u00e1s all\u00e1 de errores puntuales o pifias comunicacionales, el problema no radica solo en el contenido de la declaraci\u00f3n, sino en la reacci\u00f3n que genera \u2014o que deja de generar\u2014 seg\u00fan qui\u00e9n la emite. Porque si una afirmaci\u00f3n de este tipo hubiese provenido de la vocera anterior, dif\u00edcilmente habr\u00eda sido le\u00edda con la misma indulgencia. Es precisamente en esa asimetr\u00eda donde el debate deja de ser exigente y comienza a volverse selectivo.<\/p>\n\n\n\n<p>No tiene mucho sentido para el debate p\u00fablico que el oficialismo en su conjunto pida hoy clemencia o paciencia, cuando esa misma paciencia fue escasa \u2014o derechamente inexistente\u2014 frente al gobierno anterior. La exigencia en pol\u00edtica no puede depender del lugar que se ocupa en un momento determinado. Si ayer se validaba una cr\u00edtica dura, r\u00e1pida y sin concesiones, resulta dif\u00edcil justificar que hoy se invoque moderaci\u00f3n como criterio. Esa asimetr\u00eda no solo debilita la cr\u00edtica actual, sino que tambi\u00e9n erosiona la credibilidad de quienes la formulan.<\/p>\n\n\n\n<p>No es la primera vez que ocurre. Ya le pas\u00f3 al gobierno de Gabriel Boric: durante a\u00f1os, la administraci\u00f3n de Sebasti\u00e1n Pi\u00f1era fue objeto de cr\u00edticas duras y sin mayor paciencia. Sin embargo, una vez en el gobierno, muchas de esas certezas se enfrentaron a una realidad m\u00e1s compleja, donde las decisiones no admiten la misma evidenciar una constante: la facilidad de exigir desde la oposici\u00f3n rara vez sobrevive intacta al ejercicio del poder.<\/p>\n\n\n\n<p>Ojal\u00e1 la actual oposici\u00f3n haya aprendido algo de su paso por el Gobierno, no solo en t\u00e9rminos de gesti\u00f3n, sino tambi\u00e9n en la forma en que se ejerce la cr\u00edtica. El oficialismo har\u00eda bien en tomar nota de esa misma lecci\u00f3n\u2026: \u201cOtra cosa es con guitarra\u201d. Porque si desde la oposici\u00f3n todo parece evidente y urgente, el ejercicio del poder obliga a lidiar con l\u00edmites, costos y decisiones que rara vez admiten la simpleza del eslogan. Criticar es f\u00e1cil; gobernar, no. Cuando se act\u00faa como si ambas cosas fueran equivalentes, lo que se revela no es convicci\u00f3n, sino una peligrosa falta de perspectiva sobre lo que implica realmente gobernar.<\/p>\n\n\n\n<p><em>Pablo Dur\u00e1n Rivera<\/em><\/p>\n\n\n\n<p><em>Estudiante de Historia<\/em><\/p>\n\n\n\n<p><\/p>\n","protected":false},"excerpt":{"rendered":"<p>Ayer 27 de abril, frente a las cr\u00edticas a su gesti\u00f3n, la ministra Mara Sedini afirm\u00f3: \u201cCuando a la izquierda le faltan argumentos, recurre al bullying\u201d. M\u00e1s all\u00e1 del debate sobre los l\u00edmites del tono en pol\u00edtica \u2014que dif\u00edcilmente puede reducirse a una disputa entre izquierda y derecha\u2014, la declaraci\u00f3n abre una pregunta m\u00e1s inc\u00f3moda: [&hellip;]<\/p>\n","protected":false},"author":1,"featured_media":4885,"comment_status":"closed","ping_status":"closed","sticky":false,"template":"","format":"standard","meta":{"_eb_attr":"","_gspb_post_css":"","om_disable_all_campaigns":false,"_monsterinsights_skip_tracking":false,"_monsterinsights_sitenote_active":false,"_monsterinsights_sitenote_note":"","_monsterinsights_sitenote_category":0,"footnotes":""},"categories":[12,21],"tags":[],"class_list":["post-5149","post","type-post","status-publish","format-standard","has-post-thumbnail","hentry","category-columnas-de-opinion","category-opinion"],"blocksy_meta":[],"aioseo_notices":[],"_links":{"self":[{"href":"https:\/\/elpuclitico.cl\/index.php\/wp-json\/wp\/v2\/posts\/5149","targetHints":{"allow":["GET"]}}],"collection":[{"href":"https:\/\/elpuclitico.cl\/index.php\/wp-json\/wp\/v2\/posts"}],"about":[{"href":"https:\/\/elpuclitico.cl\/index.php\/wp-json\/wp\/v2\/types\/post"}],"author":[{"embeddable":true,"href":"https:\/\/elpuclitico.cl\/index.php\/wp-json\/wp\/v2\/users\/1"}],"replies":[{"embeddable":true,"href":"https:\/\/elpuclitico.cl\/index.php\/wp-json\/wp\/v2\/comments?post=5149"}],"version-history":[{"count":1,"href":"https:\/\/elpuclitico.cl\/index.php\/wp-json\/wp\/v2\/posts\/5149\/revisions"}],"predecessor-version":[{"id":5150,"href":"https:\/\/elpuclitico.cl\/index.php\/wp-json\/wp\/v2\/posts\/5149\/revisions\/5150"}],"wp:featuredmedia":[{"embeddable":true,"href":"https:\/\/elpuclitico.cl\/index.php\/wp-json\/wp\/v2\/media\/4885"}],"wp:attachment":[{"href":"https:\/\/elpuclitico.cl\/index.php\/wp-json\/wp\/v2\/media?parent=5149"}],"wp:term":[{"taxonomy":"category","embeddable":true,"href":"https:\/\/elpuclitico.cl\/index.php\/wp-json\/wp\/v2\/categories?post=5149"},{"taxonomy":"post_tag","embeddable":true,"href":"https:\/\/elpuclitico.cl\/index.php\/wp-json\/wp\/v2\/tags?post=5149"}],"curies":[{"name":"wp","href":"https:\/\/api.w.org\/{rel}","templated":true}]}}