{"id":5151,"date":"2026-04-30T16:01:26","date_gmt":"2026-04-30T16:01:26","guid":{"rendered":"https:\/\/elpuclitico.cl\/?p=5151"},"modified":"2026-04-30T16:17:23","modified_gmt":"2026-04-30T16:17:23","slug":"pedro-palominos-es-electo-rector-de-la-usach-hasta-2030","status":"publish","type":"post","link":"https:\/\/elpuclitico.cl\/index.php\/2026\/04\/30\/pedro-palominos-es-electo-rector-de-la-usach-hasta-2030\/","title":{"rendered":"Pedro Palominos es electo rector de la USACH hasta 2030"},"content":{"rendered":"\n<p>El acad\u00e9mico obtuvo el 52,58% de las preferencias y cont\u00f3 con el respaldo de la excandidata Andrea Mahn. El proceso se enmarca en la destituci\u00f3n de Rodrigo Vidal, la compra del Instituto Arcos y una denuncia al ahora excandidato<a> <\/a>Cristi\u00e1n Mu\u00f1oz.<\/p>\n\n\n\n<p>La tarde de ayer, mi\u00e9rcoles 29 de abril, el acad\u00e9mico Pedro Palominos Belmar fue electo como rector de la Universidad de Santiago de Chile (USACH) para el per\u00edodo 2026-2030, con un 52,58% de aprobaci\u00f3n en la segunda vuelta de las elecciones. Su contrincante, Cristi\u00e1n Mu\u00f1oz, finaliz\u00f3 la jornada con un 47,42% de las preferencias.<\/p>\n\n\n\n<p>En 1980, Palominos obtuvo el t\u00edtulo de Ingeniero de Ejecuci\u00f3n Textil en la entonces Universidad T\u00e9cnica del Estado. Posteriormente, en 1985, se titul\u00f3 como Ingeniero Civil Industrial en la ya USACH. A su vez, el acad\u00e9mico cuenta con un Mag\u00edster en Ciencias de la Ingenier\u00eda de la Producci\u00f3n de la Universidad Federal de R\u00edo de Janeiro y un doctorado en Ingenier\u00eda Industrial de la Universidad Polit\u00e9cnica de Catalu\u00f1a.<\/p>\n\n\n\n<p>El ahora rector electo comenz\u00f3 a trabajar en la USACH en 2008, donde ha sido prorrector en dos per\u00edodos (2010-2016 y 2022-2024), director de Calidad y Sistemas, director de Gesti\u00f3n Estrat\u00e9gica y s<a>ubdirector<\/a> de Gesti\u00f3n del Departamento de Ingenier\u00eda Industrial. Actualmente se encuentra liderando el programa Centro de SmartCity Lab de la Facultad de Ingenier\u00eda.<\/p>\n\n\n\n<p>El ingeniero, en su programa de rector\u00eda, contempla cuatro ejes: formaci\u00f3n universitaria, fortalecimiento de la investigaci\u00f3n, vinculaci\u00f3n con el medio y profundizaci\u00f3n del rol p\u00fablico de la Universidad y fortalecer la responsabilidad universitaria junto a la participaci\u00f3n democr\u00e1tica.<\/p>\n\n\n\n<p>Posterior a los resultados, Palominos public\u00f3 un video en su Instagram, en que se\u00f1ala que su objetivo ser\u00e1 construir un \u201cNuevo Pacto Universitario\u201d basado en el di\u00e1logo, la transparencia y poner \u201ca las personas al centro\u201d de las decisiones. El rector electo se\u00f1al\u00f3 que defender\u00e1 la educaci\u00f3n p\u00fablica y buscar\u00e1 \u201crecuperar la voz de la USACH\u201d en el debate p\u00fablico. \u201cEn tiempos de ajuste fiscal, quiero ser enf\u00e1tico: la crisis no la puede pagar nuestra comunidad universitaria\u201d, expres\u00f3.<\/p>\n\n\n\n<p>Desde su cuenta de Instagram, la Federaci\u00f3n de Estudiantes de la Universidad de Santiago de Chile (FEUSACH) felicit\u00f3 al nuevo rector. Asimismo, destacaron que su principal objetivo como organizaci\u00f3n es \u201crepresentar, incidir y velar por los intereses del estudiantado\u201d.<\/p>\n\n\n\n<p>Dentro del marco de la segunda vuelta, Palominos recibi\u00f3 el respaldo de Andrea Mahn, excandidata por la rector\u00eda, a una semana de los comicios. La acad\u00e9mica manifest\u00f3 su apoyo al rector electo a trav\u00e9s de un v\u00eddeo en la cuenta de Instagram del entonces candidato.<\/p>\n\n\n\n<p>Por otro lado, el ahora excandidato Cristi\u00e1n Mu\u00f1oz, quien asumi\u00f3 como rector interino de la USACH desde noviembre del 2025, fue denunciado por acoso laboral en la Contralor\u00eda General de la Rep\u00fablica por parte de una exfuncionaria de la Universidad, seg\u00fan consigna El Desconcierto.<\/p>\n\n\n\n<p>Otro hecho que marc\u00f3 el proceso electoral es la compra del Instituto Profesional Arcos por parte de la USACH. La adquisici\u00f3n de infraestructura y del proyecto acad\u00e9mico de la instituci\u00f3n ha generado tensiones al interior de la comunidad universitaria debido al mecanismo de compra. Un correo firmado por Juan Escrig, rector subrogante de la Universidad, detallando la transacci\u00f3n se difundi\u00f3 el lunes 27 de abril en la antesala del comienzo de los sufragios.<\/p>\n\n\n\n<p>Estas elecciones surgieron a ra\u00edz de la destituci\u00f3n del rector Rodrigo Vidal tras la anulaci\u00f3n de resultados del proceso efectuado en 2022 por parte del Tribunal Calificador de Elecciones (TRICEL). El fallo se enmarc\u00f3 en que, al momento de las elecciones, se lleg\u00f3 a dejar a m\u00e1s de tres mil profesores por hora fuera de los comicios.<\/p>\n\n\n\n<p>Asimismo, antes de la anulaci\u00f3n de los resultados, se llev\u00f3 a cabo una movilizaci\u00f3n por parte de los estudiantes que dur\u00f3 cerca de un mes y medio, la cual incluy\u00f3 un paro y una toma, pidiendo la destituci\u00f3n de Vidal. Esto tras acusar que el arquitecto y urbanista fue electo mediante un proceso fraudulento y por saberse que destin\u00f3 cerca de 100 millones de pesos de la Universidad para el pago de abogados para su defensa. La ratificaci\u00f3n de resultados y la oficializaci\u00f3n de Pedro Palominos en el cargo, por parte del Colegio Electoral Universitario, ser\u00e1 el lunes 11 de mayo.<\/p>\n\n\n\n<p>Nota por Mariel Escobar<a id=\"_msocom_1\"><\/a><\/p>\n","protected":false},"excerpt":{"rendered":"<p>El acad\u00e9mico obtuvo el 52,58% de las preferencias y cont\u00f3 con el respaldo de la excandidata Andrea Mahn. El proceso se enmarca en la destituci\u00f3n de Rodrigo Vidal, la compra del Instituto Arcos y una denuncia al ahora excandidato Cristi\u00e1n Mu\u00f1oz. La tarde de ayer, mi\u00e9rcoles 29 de abril, el acad\u00e9mico Pedro Palominos Belmar fue [&hellip;]<\/p>\n","protected":false},"author":1,"featured_media":5152,"comment_status":"closed","ping_status":"closed","sticky":false,"template":"","format":"standard","meta":{"_eb_attr":"","_gspb_post_css":"","om_disable_all_campaigns":false,"_monsterinsights_skip_tracking":false,"_monsterinsights_sitenote_active":false,"_monsterinsights_sitenote_note":"","_monsterinsights_sitenote_category":0,"footnotes":""},"categories":[14],"tags":[],"class_list":["post-5151","post","type-post","status-publish","format-standard","has-post-thumbnail","hentry","category-actualidad"],"blocksy_meta":[],"aioseo_notices":[],"_links":{"self":[{"href":"https:\/\/elpuclitico.cl\/index.php\/wp-json\/wp\/v2\/posts\/5151","targetHints":{"allow":["GET"]}}],"collection":[{"href":"https:\/\/elpuclitico.cl\/index.php\/wp-json\/wp\/v2\/posts"}],"about":[{"href":"https:\/\/elpuclitico.cl\/index.php\/wp-json\/wp\/v2\/types\/post"}],"author":[{"embeddable":true,"href":"https:\/\/elpuclitico.cl\/index.php\/wp-json\/wp\/v2\/users\/1"}],"replies":[{"embeddable":true,"href":"https:\/\/elpuclitico.cl\/index.php\/wp-json\/wp\/v2\/comments?post=5151"}],"version-history":[{"count":2,"href":"https:\/\/elpuclitico.cl\/index.php\/wp-json\/wp\/v2\/posts\/5151\/revisions"}],"predecessor-version":[{"id":5154,"href":"https:\/\/elpuclitico.cl\/index.php\/wp-json\/wp\/v2\/posts\/5151\/revisions\/5154"}],"wp:featuredmedia":[{"embeddable":true,"href":"https:\/\/elpuclitico.cl\/index.php\/wp-json\/wp\/v2\/media\/5152"}],"wp:attachment":[{"href":"https:\/\/elpuclitico.cl\/index.php\/wp-json\/wp\/v2\/media?parent=5151"}],"wp:term":[{"taxonomy":"category","embeddable":true,"href":"https:\/\/elpuclitico.cl\/index.php\/wp-json\/wp\/v2\/categories?post=5151"},{"taxonomy":"post_tag","embeddable":true,"href":"https:\/\/elpuclitico.cl\/index.php\/wp-json\/wp\/v2\/tags?post=5151"}],"curies":[{"name":"wp","href":"https:\/\/api.w.org\/{rel}","templated":true}]}}