{"id":5155,"date":"2026-05-01T21:27:36","date_gmt":"2026-05-01T21:27:36","guid":{"rendered":"https:\/\/elpuclitico.cl\/?p=5155"},"modified":"2026-05-01T21:27:38","modified_gmt":"2026-05-01T21:27:38","slug":"comunidad-uc-participa-en-marcha-del-dia-del-trabajador","status":"publish","type":"post","link":"https:\/\/elpuclitico.cl\/index.php\/2026\/05\/01\/comunidad-uc-participa-en-marcha-del-dia-del-trabajador\/","title":{"rendered":"Comunidad UC participa en marcha del D\u00eda del Trabajador"},"content":{"rendered":"\n<p><em>Organizaciones estudiantiles, dirigentes sindicales y representantes pol\u00edticos vinculados a la Universidad Cat\u00f3lica asistieron este 1 de mayo a la movilizaci\u00f3n realizada en el centro de Santiago. La delegaci\u00f3n de la Universidad llam\u00f3 a respaldar a los trabajadores y fortalecer la articulaci\u00f3n estudiantil.<\/em><\/p>\n\n\n\n<p>Este viernes 1 de mayo, integrantes de la Universidad Cat\u00f3lica (UC) se sumaron a la marcha por el D\u00eda Internacional del Trabajador en Santiago, convocada por la Central Unitaria de Trabajadores (CUT). La movilizaci\u00f3n cont\u00f3 con la presencia de las Juventudes Comunistas, la Nueva Acci\u00f3n Universitaria (NAU!), el Frente Amplio (FA), la Brigada Universitaria Socialista (BUS), el delegado UC en la Confederaci\u00f3n de Estudiantes de Chile (CONFECh), Agust\u00edn Burgos, y la Federaci\u00f3n de Estudiantes de la Universidad Cat\u00f3lica (FEUC), encabezada por su presidenta, Martina Matus.&nbsp;<\/p>\n\n\n\n<p>Entre los principales planteamientos de los asistentes ligados a la Universidad estuvieron: el respaldo a los trabajadores, la articulaci\u00f3n estudiantil con sus demandas y la promoci\u00f3n de una comunidad universitaria integrada por estudiantes, acad\u00e9micos y funcionarios.<\/p>\n\n\n\n<p>La marcha se desarroll\u00f3 en un ambiente de amplia convocatoria en el centro de la capital desde tempranas horas del d\u00eda, con presencia de sindicatos, organizaciones sociales, partidos pol\u00edticos y agrupaciones estudiantiles. La jornada implic\u00f3 cortes de tr\u00e1nsito y desv\u00edos en distintos puntos de la Alameda. La conmemoraci\u00f3n del 1 de mayo es una fecha hist\u00f3rica ligada a las luchas laborales y a la reivindicaci\u00f3n de derechos sociales.&nbsp;<\/p>\n\n\n\n<p>Dentro de la delegaci\u00f3n universitaria, la presidenta de la FEUC, Martina Matus, enfatiz\u00f3 la necesidad de que el movimiento estudiantil fortalezca sus v\u00ednculos con quienes sostienen el funcionamiento de la universidad. \u201cLa Federaci\u00f3n de Estudiantes tiene un rol fundamental en ser un puente articulador con los trabajadores. El proyecto en el que yo creo es una universidad donde todos pertenecemos a una misma comunidad\u201d, expres\u00f3. Matus agreg\u00f3 que las problem\u00e1ticas universitarias deben abordarse de forma transversal, ya que \u201cson m\u00e1s bien de la comunidad\u201d.<\/p>\n\n\n\n<p>Agust\u00edn Burgos, representante de la UC en la CONFECh, abord\u00f3 el apoyo estudiantil se\u00f1alando que \u201choy en d\u00eda tenemos un problema supergrave, que es el desempleo\u201d, y que esta situaci\u00f3n representa una promesa incumplida de movilidad social para aquellos profesionales que, tras finalizar sus estudios, no han logrado ejercer su carrera.<\/p>\n\n\n\n<p>Carmen Gloria Galleguillos, presidenta del Sindicato Inter Empresa de Trabajadores Profesionales PUC y Empresas Relacionadas, destac\u00f3 la importancia de la presencia estudiantil en este tipo de espacios y la proyecci\u00f3n conjunta entre actores, ya que, desde su perspectiva, los estudiantes son la \u201cfuerza\u201d del futuro.<\/p>\n","protected":false},"excerpt":{"rendered":"<p>Organizaciones estudiantiles, dirigentes sindicales y representantes pol\u00edticos vinculados a la Universidad Cat\u00f3lica asistieron este 1 de mayo a la movilizaci\u00f3n realizada en el centro de Santiago. La delegaci\u00f3n de la Universidad llam\u00f3 a respaldar a los trabajadores y fortalecer la articulaci\u00f3n estudiantil. Este viernes 1 de mayo, integrantes de la Universidad Cat\u00f3lica (UC) se sumaron [&hellip;]<\/p>\n","protected":false},"author":1,"featured_media":5156,"comment_status":"closed","ping_status":"closed","sticky":false,"template":"","format":"standard","meta":{"_eb_attr":"","_gspb_post_css":"","om_disable_all_campaigns":false,"_monsterinsights_skip_tracking":false,"_monsterinsights_sitenote_active":false,"_monsterinsights_sitenote_note":"","_monsterinsights_sitenote_category":0,"footnotes":""},"categories":[14,17],"tags":[22],"class_list":["post-5155","post","type-post","status-publish","format-standard","has-post-thumbnail","hentry","category-actualidad","category-politicauniversitaria","tag-destacado"],"blocksy_meta":[],"aioseo_notices":[],"_links":{"self":[{"href":"https:\/\/elpuclitico.cl\/index.php\/wp-json\/wp\/v2\/posts\/5155","targetHints":{"allow":["GET"]}}],"collection":[{"href":"https:\/\/elpuclitico.cl\/index.php\/wp-json\/wp\/v2\/posts"}],"about":[{"href":"https:\/\/elpuclitico.cl\/index.php\/wp-json\/wp\/v2\/types\/post"}],"author":[{"embeddable":true,"href":"https:\/\/elpuclitico.cl\/index.php\/wp-json\/wp\/v2\/users\/1"}],"replies":[{"embeddable":true,"href":"https:\/\/elpuclitico.cl\/index.php\/wp-json\/wp\/v2\/comments?post=5155"}],"version-history":[{"count":1,"href":"https:\/\/elpuclitico.cl\/index.php\/wp-json\/wp\/v2\/posts\/5155\/revisions"}],"predecessor-version":[{"id":5157,"href":"https:\/\/elpuclitico.cl\/index.php\/wp-json\/wp\/v2\/posts\/5155\/revisions\/5157"}],"wp:featuredmedia":[{"embeddable":true,"href":"https:\/\/elpuclitico.cl\/index.php\/wp-json\/wp\/v2\/media\/5156"}],"wp:attachment":[{"href":"https:\/\/elpuclitico.cl\/index.php\/wp-json\/wp\/v2\/media?parent=5155"}],"wp:term":[{"taxonomy":"category","embeddable":true,"href":"https:\/\/elpuclitico.cl\/index.php\/wp-json\/wp\/v2\/categories?post=5155"},{"taxonomy":"post_tag","embeddable":true,"href":"https:\/\/elpuclitico.cl\/index.php\/wp-json\/wp\/v2\/tags?post=5155"}],"curies":[{"name":"wp","href":"https:\/\/api.w.org\/{rel}","templated":true}]}}