{"id":5163,"date":"2026-05-02T18:24:58","date_gmt":"2026-05-02T18:24:58","guid":{"rendered":"https:\/\/elpuclitico.cl\/?p=5163"},"modified":"2026-05-02T18:24:59","modified_gmt":"2026-05-02T18:24:59","slug":"llamas-que-no-se-apagan-solas","status":"publish","type":"post","link":"https:\/\/elpuclitico.cl\/index.php\/2026\/05\/02\/llamas-que-no-se-apagan-solas\/","title":{"rendered":"Llamas que no se apagan solas"},"content":{"rendered":"\n<p>Conozco j\u00f3venes que arden, que acompa\u00f1an al compa\u00f1ero que dej\u00f3 de venir a clases, que organizan lo que nadie les pidi\u00f3 organizar, que cargan con el \u00e1nimo del grupo cuando se est\u00e1 cayendo. Lo hacen sin que se note, sin pedir nada a cambio, y muchas veces mientras tambi\u00e9n ellos la est\u00e1n pasando mal.<\/p>\n\n\n\n<p>El cardenal Chomali public\u00f3 una carta a los j\u00f3venes chilenos que nombra bien lo que est\u00e1 pasando. No es un documento teol\u00f3gico ni un comunicado institucional, es un adulto mirando de frente a una generaci\u00f3n. Vale la pena leerla, aunque no seas cat\u00f3lico, porque lo que diagnostica no le pertenece a ninguna fe en particular. Hay j\u00f3venes que no le encuentran sentido a lo que estudian. Hay compa\u00f1eros que cargan tristezas que les nublan todo. Hay contextos tan duros que terminan apagando a personas que ten\u00edan much\u00edsimo para dar. Eso lo reconocemos todos los que hemos estado cerca.<\/p>\n\n\n\n<p>Escribo desde adentro, como parte de esa generaci\u00f3n, y por eso quiero detenerme en algo que la carta toca y que vale la pena subrayar. Las llamas que existen no se sostienen solas y muchas otras todav\u00eda no han tenido la oportunidad de encenderse. No es un tema de convicci\u00f3n: acompa\u00f1ar a otros mientras uno tambi\u00e9n carga lo propio es un peso que dif\u00edcilmente se sostiene en soledad y descubrir lo que uno tiene para dar tampoco ocurre en el vac\u00edo, necesita comunidad, necesita estructura, necesita que alguien m\u00e1s tambi\u00e9n est\u00e9 poniendo le\u00f1a. La esperanza, cuando es real, se construye entre varios.<\/p>\n\n\n\n<p>Ah\u00ed es donde la carta del cardenal nos invita a todos a la conversaci\u00f3n, no solo a la Iglesia. Si el diagn\u00f3stico es compartido, las instituciones tienen una oportunidad real de pasar de hablar sobre los j\u00f3venes a trabajar con ellos. Eso es m\u00e1s concreto de lo que suena: significa decidir cosas con estudiantes en la mesa desde temprano, abrir espacios donde puedan probar lo que son capaces de hacer y acompa\u00f1ar los procesos para que ese potencial efectivamente se despliegue.<\/p>\n\n\n\n<p>En la UC he visto que esa l\u00f3gica funciona y suele ser porque alguien de adentro decidi\u00f3 confiar antes de tener todas las garant\u00edas. Eso es replicable y creo que es por ah\u00ed por donde se construye lo que viene.<\/p>\n\n\n\n<p>Los j\u00f3venes no necesitamos diagn\u00f3sticos desde lejos, necesitamos instituciones dispuestas a confiar en lo que esta generaci\u00f3n es capaz de hacer cuando tiene espacio para hacerlo. Crear las condiciones para que muchos m\u00e1s j\u00f3venes encuentren c\u00f3mo desplegar lo que tienen para dar es, probablemente, una de las decisiones m\u00e1s importantes que podemos tomar como comunidad sobre el pa\u00eds que queremos ser en diez a\u00f1os.<\/p>\n\n\n\n<p>La carta del cardenal termina con una frase que queda dando vueltas: \u201cChile ser\u00e1 lo que ustedes son hoy\u201d. Le creo. Y por eso mismo lo que importa no es solo cuidar las llamas que ya existen, sino crear las condiciones para que muchas m\u00e1s se enciendan. Esa es una tarea que no se hace solo y por eso conviene hacerla juntos.<\/p>\n\n\n\n<p><em>Jean Joublan<\/em><br><em>Estudiante de Ingenier\u00eda<\/em><\/p>\n\n\n\n<p><\/p>\n","protected":false},"excerpt":{"rendered":"<p>Conozco j\u00f3venes que arden, que acompa\u00f1an al compa\u00f1ero que dej\u00f3 de venir a clases, que organizan lo que nadie les pidi\u00f3 organizar, que cargan con el \u00e1nimo del grupo cuando se est\u00e1 cayendo. Lo hacen sin que se note, sin pedir nada a cambio, y muchas veces mientras tambi\u00e9n ellos la est\u00e1n pasando mal. El [&hellip;]<\/p>\n","protected":false},"author":1,"featured_media":5164,"comment_status":"closed","ping_status":"closed","sticky":false,"template":"","format":"standard","meta":{"_eb_attr":"","_gspb_post_css":"","om_disable_all_campaigns":false,"_monsterinsights_skip_tracking":false,"_monsterinsights_sitenote_active":false,"_monsterinsights_sitenote_note":"","_monsterinsights_sitenote_category":0,"footnotes":""},"categories":[12,21],"tags":[],"class_list":["post-5163","post","type-post","status-publish","format-standard","has-post-thumbnail","hentry","category-columnas-de-opinion","category-opinion"],"blocksy_meta":[],"aioseo_notices":[],"_links":{"self":[{"href":"https:\/\/elpuclitico.cl\/index.php\/wp-json\/wp\/v2\/posts\/5163","targetHints":{"allow":["GET"]}}],"collection":[{"href":"https:\/\/elpuclitico.cl\/index.php\/wp-json\/wp\/v2\/posts"}],"about":[{"href":"https:\/\/elpuclitico.cl\/index.php\/wp-json\/wp\/v2\/types\/post"}],"author":[{"embeddable":true,"href":"https:\/\/elpuclitico.cl\/index.php\/wp-json\/wp\/v2\/users\/1"}],"replies":[{"embeddable":true,"href":"https:\/\/elpuclitico.cl\/index.php\/wp-json\/wp\/v2\/comments?post=5163"}],"version-history":[{"count":1,"href":"https:\/\/elpuclitico.cl\/index.php\/wp-json\/wp\/v2\/posts\/5163\/revisions"}],"predecessor-version":[{"id":5165,"href":"https:\/\/elpuclitico.cl\/index.php\/wp-json\/wp\/v2\/posts\/5163\/revisions\/5165"}],"wp:featuredmedia":[{"embeddable":true,"href":"https:\/\/elpuclitico.cl\/index.php\/wp-json\/wp\/v2\/media\/5164"}],"wp:attachment":[{"href":"https:\/\/elpuclitico.cl\/index.php\/wp-json\/wp\/v2\/media?parent=5163"}],"wp:term":[{"taxonomy":"category","embeddable":true,"href":"https:\/\/elpuclitico.cl\/index.php\/wp-json\/wp\/v2\/categories?post=5163"},{"taxonomy":"post_tag","embeddable":true,"href":"https:\/\/elpuclitico.cl\/index.php\/wp-json\/wp\/v2\/tags?post=5163"}],"curies":[{"name":"wp","href":"https:\/\/api.w.org\/{rel}","templated":true}]}}