{"id":5166,"date":"2026-05-03T01:41:41","date_gmt":"2026-05-03T01:41:41","guid":{"rendered":"https:\/\/elpuclitico.cl\/?p=5166"},"modified":"2026-05-03T02:52:04","modified_gmt":"2026-05-03T02:52:04","slug":"centro-de-politicas-publicas-uc-responde-a-criticas-por-controversial-informe-sobre-perros-asilvestrados","status":"publish","type":"post","link":"https:\/\/elpuclitico.cl\/index.php\/2026\/05\/03\/centro-de-politicas-publicas-uc-responde-a-criticas-por-controversial-informe-sobre-perros-asilvestrados\/","title":{"rendered":"Centro de Pol\u00edticas P\u00fablicas UC responde a cr\u00edticas por controversial informe sobre perros asilvestrados\u00a0"},"content":{"rendered":"\n<p><em>Ante las duras reacciones de grupos animalistas, quienes denunciaron que el proyecto implicar\u00eda una&nbsp;\u201cmatanza institucionalizada con t\u00edtulo acad\u00e9mico\u201d, el organismo defendi\u00f3 que la eutanasia solo se contemplar\u00eda en casos extremos y regulados.<\/em><\/p>\n\n\n\n<p>El pasado 30 de abril, el Centro de Pol\u00edticas P\u00fablicas de la Universidad Cat\u00f3lica public\u00f3 un comunicado para referirse a la controversia generada por su informe titulado&nbsp;<strong>\u201c<\/strong>Hacia una estrategia nacional de bienestar animal integral y protecci\u00f3n de la salud p\u00fablica y cuidado del medio ambiente\u201d.&nbsp;En su declaraci\u00f3n, el organismo acus\u00f3 la presencia de \u201cnoticias falsas\u201d en torno a sus propuestas, mientras agrupaciones animalistas expresaron su rechazo hacia el contenido del documento.&nbsp;<\/p>\n\n\n\n<p>El informe, elaborado por acad\u00e9micos de la Universidad Santo Tom\u00e1s, la Universidad Adolfo Ib\u00e1\u00f1ez y la Universidad Cat\u00f3lica, propone una estrategia para abordar el problema de los perros y gatos asilvestrados que, seg\u00fan indican, impactan en la salud p\u00fablica, la biodiversidad, la ganader\u00eda y el bienestar animal.&nbsp;&nbsp;<\/p>\n\n\n\n<p>El documento advierte que el origen del problema radica en la tenencia irresponsable, la falta de esterilizaci\u00f3n, la ausencia de supervisi\u00f3n y la permisividad del libre deambular bajo la denominaci\u00f3n de \u201cperro comunitario\u201d.&nbsp;<\/p>\n\n\n\n<p>Dentro de las propuestas planteadas se establece que&nbsp;\u201cCarabineros, Polic\u00eda de Investigaciones y funcionarios municipales estar\u00e1n facultados para capturar y aplicar eutanasia inmediata en casos de ataque a personas o amenaza inminente a la seguridad p\u00fablica\u201d. Lo anterior se se\u00f1ala con el prop\u00f3sito de salvaguardar la integridad humana ante agresiones, conforme a criterios de urgencia y proporcionalidad.&nbsp;<\/p>\n\n\n\n<p>Se propone que el Servicio Agr\u00edcola y Ganadero (SAG), mediante \u201cpersonal capacitado y M\u00e9dicos Veterinarios municipales y privados autorizados, pueda capturar y practicar eutanasia humanitaria a perros ferales en \u00e1reas urbanas, rurales y naturales donde representen un riesgo para las personas y otros animales\u201d. La propuesta busca minimizar impactos graves en la biodiversidad y salud p\u00fablica bajo protocolos de bienestar animal.&nbsp;&nbsp;<\/p>\n\n\n\n<p>Estos planteamientos fueron duramente criticados por grupos animalistas. Organizaciones como Derecho y Defensa Animal, Animalistas Unidos Chile y Fundaci\u00f3n APLA difundieron en redes sociales cr\u00edticas al informe, se\u00f1alando que permitir\u00eda que Carabineros \u201cmaten perros\u201d en el marco de una eventual legislaci\u00f3n.&nbsp;<\/p>\n\n\n\n<p>En la publicaci\u00f3n citan distintos fragmentos del informe, como la propuesta de otorgar facultades a Carabineros, PDI y funcionarios municipales para capturar y aplicar eutanasia inmediata a perros en casos de ataques a personas o amenaza inminente a la seguridad p\u00fablica. Adem\u00e1s, se critica el incluir a los perros asilvestrados como especies susceptibles de captura, reubicaci\u00f3n y control en zonas de conversaci\u00f3n y ambientes rurales.&nbsp;<\/p>\n\n\n\n<p>\u201cEsto no es una estrategia de bienestar animal. Es un proyecto de matanza institucionalizada con t\u00edtulo acad\u00e9mico\u201d, sostuvieron las organizaciones.&nbsp;<\/p>\n\n\n\n<p>Animalia UC, organizaci\u00f3n estudiantil dedicada al cuidado de perros y gatos, se\u00f1al\u00f3 a trav\u00e9s de una&nbsp;carta&nbsp;que el diagn\u00f3stico difundido en redes&nbsp;sociales no responde al origen del problema: \u201cel funcionamiento deficiente del aparato burocr\u00e1tico e institucional encargado de legislar y fiscalizar la tenencia responsable de animales\u201d.&nbsp;<\/p>\n\n\n\n<p>Enfatizaron que el informe presentar\u00eda una \u201cfalta de solidez\u201d, ya que no se aborda la necesidad de fortalecer la educaci\u00f3n sobre la tenencia responsable de mascotas. \u201cMientras las instituciones competentes no cumplan&nbsp;sus funciones, ninguna medida paliativa lograr\u00e1 revertir la crisis que enfrentamos\u201d, afirmaron.&nbsp;Adem\u00e1s, cuestionaron el nivel de desinformaci\u00f3n que los medios han propagado sobre el tema. \u201cComo&nbsp;Animalia, la eutanasia nunca&nbsp;ha sido ni ser\u00e1 una opci\u00f3n\u201d, agregaron.&nbsp;<\/p>\n\n\n\n<p>El Centro de Pol\u00edticas P\u00fablicas UC respondi\u00f3 a las controversias mediante un comunicado, frente a lo que&nbsp;declaran como&nbsp;una circulaci\u00f3n de \u201cnoticias falsas\u201d. Se\u00f1alaron que, desde la academia, buscan \u201caportar con evidencia a la necesaria regulaci\u00f3n de un problema que hoy afecta a toda la sociedad, incluidos los propios animales. En Chile estamos frente a una situaci\u00f3n estructural: m\u00e1s de 90.000 mordeduras al a\u00f1o\u201d.&nbsp;&nbsp;<\/p>\n\n\n\n<p>El organismo agreg\u00f3 que, si bien medidas como la esterilizaci\u00f3n, campa\u00f1as de adopci\u00f3n o educaci\u00f3n en tenencia responsable son necesarias, resultan insuficientes por s\u00ed solas para frenar la expansi\u00f3n sostenida de animales asilvestrados o sin control, \u201cespecialmente en zonas rurales o comunas de menores ingresos\u201d.&nbsp;<\/p>\n\n\n\n<p>\u201cEl estudio no promueve la eutanasia como pol\u00edtica general, sino que la considera solo en casos extremos y regulados, como ataques a personas o riesgos sanitarios graves (&#8230;) protegiendo tanto a las personas como a los propios animales\u201d, aclararon.&nbsp;<\/p>\n\n\n\n<p>Nota por \u00c1ngel C\u00e1ceres.<\/p>\n","protected":false},"excerpt":{"rendered":"<p>Ante las duras reacciones de grupos animalistas, quienes denunciaron que el proyecto implicar\u00eda una&nbsp;\u201cmatanza institucionalizada con t\u00edtulo acad\u00e9mico\u201d, el organismo defendi\u00f3 que la eutanasia solo se contemplar\u00eda en casos extremos y regulados. El pasado 30 de abril, el Centro de Pol\u00edticas P\u00fablicas de la Universidad Cat\u00f3lica public\u00f3 un comunicado para referirse a la controversia generada [&hellip;]<\/p>\n","protected":false},"author":1,"featured_media":5167,"comment_status":"closed","ping_status":"closed","sticky":false,"template":"","format":"standard","meta":{"_eb_attr":"","_gspb_post_css":"","om_disable_all_campaigns":false,"_monsterinsights_skip_tracking":false,"_monsterinsights_sitenote_active":false,"_monsterinsights_sitenote_note":"","_monsterinsights_sitenote_category":0,"footnotes":""},"categories":[14],"tags":[],"class_list":["post-5166","post","type-post","status-publish","format-standard","has-post-thumbnail","hentry","category-actualidad"],"blocksy_meta":[],"aioseo_notices":[],"_links":{"self":[{"href":"https:\/\/elpuclitico.cl\/index.php\/wp-json\/wp\/v2\/posts\/5166","targetHints":{"allow":["GET"]}}],"collection":[{"href":"https:\/\/elpuclitico.cl\/index.php\/wp-json\/wp\/v2\/posts"}],"about":[{"href":"https:\/\/elpuclitico.cl\/index.php\/wp-json\/wp\/v2\/types\/post"}],"author":[{"embeddable":true,"href":"https:\/\/elpuclitico.cl\/index.php\/wp-json\/wp\/v2\/users\/1"}],"replies":[{"embeddable":true,"href":"https:\/\/elpuclitico.cl\/index.php\/wp-json\/wp\/v2\/comments?post=5166"}],"version-history":[{"count":2,"href":"https:\/\/elpuclitico.cl\/index.php\/wp-json\/wp\/v2\/posts\/5166\/revisions"}],"predecessor-version":[{"id":5170,"href":"https:\/\/elpuclitico.cl\/index.php\/wp-json\/wp\/v2\/posts\/5166\/revisions\/5170"}],"wp:featuredmedia":[{"embeddable":true,"href":"https:\/\/elpuclitico.cl\/index.php\/wp-json\/wp\/v2\/media\/5167"}],"wp:attachment":[{"href":"https:\/\/elpuclitico.cl\/index.php\/wp-json\/wp\/v2\/media?parent=5166"}],"wp:term":[{"taxonomy":"category","embeddable":true,"href":"https:\/\/elpuclitico.cl\/index.php\/wp-json\/wp\/v2\/categories?post=5166"},{"taxonomy":"post_tag","embeddable":true,"href":"https:\/\/elpuclitico.cl\/index.php\/wp-json\/wp\/v2\/tags?post=5166"}],"curies":[{"name":"wp","href":"https:\/\/api.w.org\/{rel}","templated":true}]}}