{"id":5871,"date":"2026-08-30T23:59:01","date_gmt":"2026-08-30T23:59:01","guid":{"rendered":"https:\/\/elpuclitico.cl\/?p=5871"},"modified":"2026-08-30T23:59:03","modified_gmt":"2026-08-30T23:59:03","slug":"a-el-no-se-le-puede-responder-manana","status":"publish","type":"post","link":"https:\/\/elpuclitico.cl\/index.php\/2026\/08\/30\/a-el-no-se-le-puede-responder-manana\/","title":{"rendered":"A \u00e9l no se le puede responder \u00abma\u00f1ana\u00bb"},"content":{"rendered":"\n<p>\u201c\u00c9l est\u00e1 haciendo ahora mismo sus huesos, criando su sangre y ensayando sus sentidos; a \u00e9l no se le puede responder \u00abma\u00f1ana\u00bb, \u00e9l se llama \u00abahora\u00bb\u201d (Gabriela Mistral).<\/p>\n\n\n\n<p>Estimada directora: Hace m\u00e1s de 60 a\u00f1os, la poeta chilena llam\u00f3 con urgencia al pa\u00eds y a su gente para proteger y salvar las infancias, pues no tienen margen de espera. Hoy, tanto en el Congreso como entre las personas, se discute bajar la edad de imputabilidad de 14 a 12 a\u00f1os. Mientras, en un liceo dos estudiantes de 14 a\u00f1os denunciaron ser desnudados y obligados por carabineros a hacer sentadillas frente a otros compa\u00f1eros tras un presunto robo. Las reacciones de las personas se marcaron en dos polos: quienes critican la situaci\u00f3n y quienes justifican o consideran insuficientes las medidas. Lo cierto es que, de bajar la edad de imputabilidad, esta situaci\u00f3n podr\u00eda repetirse con ni\u00f1os m\u00e1s j\u00f3venes, algo que, como estudiante universitario, es muy doloroso de imaginar. Es verdad que esta discusi\u00f3n responde a una urgencia ante la creciente ola de delitos ejecutados por menores, pero que hoy hablemos de esto demuestra que otro a\u00f1o m\u00e1s postergamos a las infancias y que las palabras de Gabriela contin\u00faan vigentes.<br><br><em>Dagoberto Seguel Lav\u00edn<\/em><\/p>\n\n\n\n<p><em>Estudiante de Ingenier\u00eda Civil<\/em><\/p>\n\n\n\n<p><\/p>\n","protected":false},"excerpt":{"rendered":"<p>\u201c\u00c9l est\u00e1 haciendo ahora mismo sus huesos, criando su sangre y ensayando sus sentidos; a \u00e9l no se le puede responder \u00abma\u00f1ana\u00bb, \u00e9l se llama \u00abahora\u00bb\u201d (Gabriela Mistral). Estimada directora: Hace m\u00e1s de 60 a\u00f1os, la poeta chilena llam\u00f3 con urgencia al pa\u00eds y a su gente para proteger y salvar las infancias, pues no [&hellip;]<\/p>\n","protected":false},"author":1,"featured_media":5406,"comment_status":"closed","ping_status":"closed","sticky":false,"template":"","format":"standard","meta":{"_eb_attr":"","_gspb_post_css":"","om_disable_all_campaigns":false,"_monsterinsights_skip_tracking":false,"_monsterinsights_sitenote_active":false,"_monsterinsights_sitenote_note":"","_monsterinsights_sitenote_category":0,"footnotes":""},"categories":[13,21],"tags":[],"class_list":["post-5871","post","type-post","status-publish","format-standard","has-post-thumbnail","hentry","category-carta-a-la-directora","category-opinion"],"blocksy_meta":[],"aioseo_notices":[],"_links":{"self":[{"href":"https:\/\/elpuclitico.cl\/index.php\/wp-json\/wp\/v2\/posts\/5871","targetHints":{"allow":["GET"]}}],"collection":[{"href":"https:\/\/elpuclitico.cl\/index.php\/wp-json\/wp\/v2\/posts"}],"about":[{"href":"https:\/\/elpuclitico.cl\/index.php\/wp-json\/wp\/v2\/types\/post"}],"author":[{"embeddable":true,"href":"https:\/\/elpuclitico.cl\/index.php\/wp-json\/wp\/v2\/users\/1"}],"replies":[{"embeddable":true,"href":"https:\/\/elpuclitico.cl\/index.php\/wp-json\/wp\/v2\/comments?post=5871"}],"version-history":[{"count":1,"href":"https:\/\/elpuclitico.cl\/index.php\/wp-json\/wp\/v2\/posts\/5871\/revisions"}],"predecessor-version":[{"id":5872,"href":"https:\/\/elpuclitico.cl\/index.php\/wp-json\/wp\/v2\/posts\/5871\/revisions\/5872"}],"wp:featuredmedia":[{"embeddable":true,"href":"https:\/\/elpuclitico.cl\/index.php\/wp-json\/wp\/v2\/media\/5406"}],"wp:attachment":[{"href":"https:\/\/elpuclitico.cl\/index.php\/wp-json\/wp\/v2\/media?parent=5871"}],"wp:term":[{"taxonomy":"category","embeddable":true,"href":"https:\/\/elpuclitico.cl\/index.php\/wp-json\/wp\/v2\/categories?post=5871"},{"taxonomy":"post_tag","embeddable":true,"href":"https:\/\/elpuclitico.cl\/index.php\/wp-json\/wp\/v2\/tags?post=5871"}],"curies":[{"name":"wp","href":"https:\/\/api.w.org\/{rel}","templated":true}]}}