{"id":5894,"date":"2026-09-01T01:55:29","date_gmt":"2026-09-01T01:55:29","guid":{"rendered":"https:\/\/elpuclitico.cl\/?p=5894"},"modified":"2026-09-01T04:08:22","modified_gmt":"2026-09-01T04:08:22","slug":"se-constituye-tricel-para-elecciones-feuc-2027","status":"publish","type":"post","link":"https:\/\/elpuclitico.cl\/index.php\/2026\/09\/01\/se-constituye-tricel-para-elecciones-feuc-2027\/","title":{"rendered":"Se constituye TRICEL para elecciones FEUC 2027"},"content":{"rendered":"\n<p>Este lunes 31 de agosto, en el Consejo FEUC, se votaron a las cinco parejas que constituir\u00e1n el Tribunal Calificador de Elecciones para las pr\u00f3ximas elecciones FEUC.<\/p>\n\n\n\n<p>Comenz\u00f3 la carrera de las Elecciones FEUC. Durante el Consejo Ordinario de este lunes 31 de agosto, se votaron a las duplas que conformar\u00e1n el Tribunal Calificador de Elecciones (TRICEL) en las pr\u00f3ximas elecciones de la Federaci\u00f3n de Estudiantes de la Universidad Cat\u00f3lica (FEUC).<\/p>\n\n\n\n<p>De acuerdo con los estatutos, el TRICEL es el organismo encargado de implementar y fiscalizar los procesos eleccionarios. Tiene un car\u00e1cter temporal y act\u00faa como \u00faltima instancia para resolver eventuales problemas que puedan surgir durante el proceso.&nbsp;<\/p>\n\n\n\n<p>Entre sus principales facultades se encuentran: velar por el cumplimiento de las normas estatutarias, atender e investigar las cuestiones relativas a las elecciones, declarar a los representantes electos, garantizar un sufragio universal y aut\u00f3nomo, distribuir y complementar el material necesario para la votaci\u00f3n y aplicar las sanciones o penalizaciones que correspondan.&nbsp;&nbsp;<\/p>\n\n\n\n<p>En este proceso, seis duplas se postularon para conformar el organismo; Ren\u00e9 Rivas y Andr\u00e9s Ferrer; Anita D\u00edaz y Jos\u00e9 Arias Fuentes; Anakenna Allendes y Jorge Cabezas; Pedro Couchot y Felipe Galaz; Edgardo Mej\u00eda y Benjam\u00edn D\u00edaz; y Trinidad Far\u00edas y Amanda Poblete.<\/p>\n\n\n\n<p>Anita D\u00edaz y Jos\u00e9 Arias, miembros de la Nueva Acci\u00f3n Universitaria (NAU), obtuvieron la primera mayor\u00eda con el 26,1% de los votos. En segundo lugar, qued\u00f3 Pedro Couchot (Frente Amplio) junto a Felipe Galaz (Juventud Socialista) con el 23,9%. En el tercer lugar, est\u00e1n Anakenna Allendes (Juventudes Comunistas) y Jorge Cabezas (Surgencia) con el 21,6%. En el cuarto lugar, en representaci\u00f3n del Movimiento Gremial, quedaron Ren\u00e9 Rivas y Andr\u00e9s Ferrer con el 12,5%. En quinto lugar, con el 10% de los votos, est\u00e1 Edgardo Mej\u00eda y Benjam\u00edn D\u00edaz por Solidaridad.\u00a0\u00a0<\/p>\n\n\n\n<p>Adem\u00e1s, los tres acad\u00e9micos que conformar\u00e1n el TRICEL ser\u00e1n Joaqu\u00edn Palma Cruzat y Mauricio Carloza, ambos profesores de Derecho, y Jos\u00e9 Mar\u00edn \u00c1lvarez, profesor de Ciencia Pol\u00edtica.<\/p>\n\n\n\n<p>Las elecciones FEUC se llevar\u00e1n a cabo el pr\u00f3ximo 6 y 7 de octubre. En caso de no existir primera mayor\u00eda, la segunda vuelta se realizar\u00e1 el 20 y 21 del mismo mes.&nbsp;<\/p>\n","protected":false},"excerpt":{"rendered":"<p>Este lunes 31 de agosto, en el Consejo FEUC, se votaron a las cinco parejas que constituir\u00e1n el Tribunal Calificador de Elecciones para las pr\u00f3ximas elecciones FEUC. Comenz\u00f3 la carrera de las Elecciones FEUC. Durante el Consejo Ordinario de este lunes 31 de agosto, se votaron a las duplas que conformar\u00e1n el Tribunal Calificador de [&hellip;]<\/p>\n","protected":false},"author":1,"featured_media":5897,"comment_status":"closed","ping_status":"closed","sticky":false,"template":"","format":"standard","meta":{"_eb_attr":"","_gspb_post_css":"","om_disable_all_campaigns":false,"_monsterinsights_skip_tracking":false,"_monsterinsights_sitenote_active":false,"_monsterinsights_sitenote_note":"","_monsterinsights_sitenote_category":0,"footnotes":""},"categories":[14,69,17],"tags":[],"class_list":["post-5894","post","type-post","status-publish","format-standard","has-post-thumbnail","hentry","category-actualidad","category-elecciones-feuc-2027","category-politicauniversitaria"],"blocksy_meta":[],"aioseo_notices":[],"_links":{"self":[{"href":"https:\/\/elpuclitico.cl\/index.php\/wp-json\/wp\/v2\/posts\/5894","targetHints":{"allow":["GET"]}}],"collection":[{"href":"https:\/\/elpuclitico.cl\/index.php\/wp-json\/wp\/v2\/posts"}],"about":[{"href":"https:\/\/elpuclitico.cl\/index.php\/wp-json\/wp\/v2\/types\/post"}],"author":[{"embeddable":true,"href":"https:\/\/elpuclitico.cl\/index.php\/wp-json\/wp\/v2\/users\/1"}],"replies":[{"embeddable":true,"href":"https:\/\/elpuclitico.cl\/index.php\/wp-json\/wp\/v2\/comments?post=5894"}],"version-history":[{"count":4,"href":"https:\/\/elpuclitico.cl\/index.php\/wp-json\/wp\/v2\/posts\/5894\/revisions"}],"predecessor-version":[{"id":5909,"href":"https:\/\/elpuclitico.cl\/index.php\/wp-json\/wp\/v2\/posts\/5894\/revisions\/5909"}],"wp:featuredmedia":[{"embeddable":true,"href":"https:\/\/elpuclitico.cl\/index.php\/wp-json\/wp\/v2\/media\/5897"}],"wp:attachment":[{"href":"https:\/\/elpuclitico.cl\/index.php\/wp-json\/wp\/v2\/media?parent=5894"}],"wp:term":[{"taxonomy":"category","embeddable":true,"href":"https:\/\/elpuclitico.cl\/index.php\/wp-json\/wp\/v2\/categories?post=5894"},{"taxonomy":"post_tag","embeddable":true,"href":"https:\/\/elpuclitico.cl\/index.php\/wp-json\/wp\/v2\/tags?post=5894"}],"curies":[{"name":"wp","href":"https:\/\/api.w.org\/{rel}","templated":true}]}}