{"id":5899,"date":"2026-09-01T01:04:59","date_gmt":"2026-09-01T01:04:59","guid":{"rendered":"https:\/\/elpuclitico.cl\/?p=5899"},"modified":"2026-09-01T01:16:31","modified_gmt":"2026-09-01T01:16:31","slug":"consejo-feuc-se-aprueba-someter-a-votacion-territorial-la-paralizacion-del-11-de-septiembre","status":"publish","type":"post","link":"https:\/\/elpuclitico.cl\/index.php\/2026\/09\/01\/consejo-feuc-se-aprueba-someter-a-votacion-territorial-la-paralizacion-del-11-de-septiembre\/","title":{"rendered":"Consejo FEUC: Se aprueba someter a votaci\u00f3n territorial la paralizaci\u00f3n del 11 de septiembre"},"content":{"rendered":"\n<p>En el Consejo Ordinario de este lunes 31 de agosto, con 94,8% de qu\u00f3rum y el 78,3% de los votos, se aprob\u00f3 bajar a votaci\u00f3n la paralizaci\u00f3n simb\u00f3lica para el 11 de septiembre. La moci\u00f3n obtuvo 72 votos a favor, 13 votos en contra y 1 abstenci\u00f3n.<\/p>\n\n\n\n<p>Las distintas carreras y facultades de la UC deber\u00e1n votar durante los pr\u00f3ximos d\u00edas para definir su postura frente a la moci\u00f3n.<\/p>\n\n\n\n<p>Durante el Consejo, Maksim Baeza, consejero territorial de Lo Contador por las Juventudes Comunistas UC, realiz\u00f3 una intervenci\u00f3n con un lienzo junto al movimiento pol\u00edtico por los Detenidos Desaparecidos en dictadura.<\/p>\n\n\n\n<p>Adem\u00e1s, Vicente Barriga, coordinador general de Memoria UC, realiz\u00f3 una intervenci\u00f3n y puntualiz\u00f3: \u201cNo queremos paralizar ni realizar destrozos, queremos recordar a nuestros compa\u00f1eros\u201d.<\/p>\n\n\n\n<p><\/p>\n","protected":false},"excerpt":{"rendered":"<p>En el Consejo Ordinario de este lunes 31 de agosto, con 94,8% de qu\u00f3rum y el 78,3% de los votos, se aprob\u00f3 bajar a votaci\u00f3n la paralizaci\u00f3n simb\u00f3lica para el 11 de septiembre. La moci\u00f3n obtuvo 72 votos a favor, 13 votos en contra y 1 abstenci\u00f3n. Las distintas carreras y facultades de la UC [&hellip;]<\/p>\n","protected":false},"author":1,"featured_media":5901,"comment_status":"closed","ping_status":"closed","sticky":false,"template":"","format":"standard","meta":{"_eb_attr":"","_gspb_post_css":"","om_disable_all_campaigns":false,"_monsterinsights_skip_tracking":false,"_monsterinsights_sitenote_active":false,"_monsterinsights_sitenote_note":"","_monsterinsights_sitenote_category":0,"footnotes":""},"categories":[14,17],"tags":[],"class_list":["post-5899","post","type-post","status-publish","format-standard","has-post-thumbnail","hentry","category-actualidad","category-politicauniversitaria"],"blocksy_meta":[],"aioseo_notices":[],"_links":{"self":[{"href":"https:\/\/elpuclitico.cl\/index.php\/wp-json\/wp\/v2\/posts\/5899","targetHints":{"allow":["GET"]}}],"collection":[{"href":"https:\/\/elpuclitico.cl\/index.php\/wp-json\/wp\/v2\/posts"}],"about":[{"href":"https:\/\/elpuclitico.cl\/index.php\/wp-json\/wp\/v2\/types\/post"}],"author":[{"embeddable":true,"href":"https:\/\/elpuclitico.cl\/index.php\/wp-json\/wp\/v2\/users\/1"}],"replies":[{"embeddable":true,"href":"https:\/\/elpuclitico.cl\/index.php\/wp-json\/wp\/v2\/comments?post=5899"}],"version-history":[{"count":4,"href":"https:\/\/elpuclitico.cl\/index.php\/wp-json\/wp\/v2\/posts\/5899\/revisions"}],"predecessor-version":[{"id":5905,"href":"https:\/\/elpuclitico.cl\/index.php\/wp-json\/wp\/v2\/posts\/5899\/revisions\/5905"}],"wp:featuredmedia":[{"embeddable":true,"href":"https:\/\/elpuclitico.cl\/index.php\/wp-json\/wp\/v2\/media\/5901"}],"wp:attachment":[{"href":"https:\/\/elpuclitico.cl\/index.php\/wp-json\/wp\/v2\/media?parent=5899"}],"wp:term":[{"taxonomy":"category","embeddable":true,"href":"https:\/\/elpuclitico.cl\/index.php\/wp-json\/wp\/v2\/categories?post=5899"},{"taxonomy":"post_tag","embeddable":true,"href":"https:\/\/elpuclitico.cl\/index.php\/wp-json\/wp\/v2\/tags?post=5899"}],"curies":[{"name":"wp","href":"https:\/\/api.w.org\/{rel}","templated":true}]}}