{"id":5910,"date":"2026-09-02T00:16:14","date_gmt":"2026-09-02T00:16:14","guid":{"rendered":"https:\/\/elpuclitico.cl\/?p=5910"},"modified":"2026-09-02T00:16:15","modified_gmt":"2026-09-02T00:16:15","slug":"las-historias-detras-de-las-esculturas-que-habitan-los-campus-uc","status":"publish","type":"post","link":"https:\/\/elpuclitico.cl\/index.php\/2026\/09\/02\/las-historias-detras-de-las-esculturas-que-habitan-los-campus-uc\/","title":{"rendered":"Las historias detr\u00e1s de las esculturas que habitan los campus UC"},"content":{"rendered":"\n<p><em>Conoce a los autores, datos curiosos y todo lo que hay detr\u00e1s de las obras que se han transformado en parte importante de la infraestructura de la universidad.<\/em><br><br>A 21 d\u00edas para que comience la primavera, las temperaturas van aumentando y tambi\u00e9n las razones para salir al patio. Los estudiantes, en medio de la rutina y el estr\u00e9s acad\u00e9mico, pueden encontrar elementos que solo se admiran al detenerse y darse un tiempo para observar las esculturas que habitan los distintos campus de la universidad.&nbsp;<\/p>\n\n\n\n<p>Existen m\u00e1s de 25 obras repartidas por los campus de la Regi\u00f3n Metropolitana. Desde estructuras de hormig\u00f3n hasta fuentes de bronce, cada una cuenta una historia, guarda supersticiones que se traspasan entre generaciones o brinda homenajes.&nbsp;<\/p>\n\n\n\n<p>En este listado conoce la historia de algunas de las esculturas que observan silenciosamente la vida de los estudiantes.&nbsp;<\/p>\n\n\n\n<p><strong>Acontecimiento Mat\u00e9rico \u2013 San Joaqu\u00edn<\/strong>&nbsp;<\/p>\n\n\n\n<p>\u201cAcontecimiento Mat\u00e9rico\u201d es una obra de hormig\u00f3n creada en 2010 por el escultor y Premio Nacional de Artes Pl\u00e1sticas, Federico Assler. Para el autor, la obra representa la presencia pura del material; con su textura y forma, constituye el acontecimiento en s\u00ed mismo.&nbsp;<\/p>\n\n\n\n<p>Pas\u00f3 de estar instalada en la Plaza de la Ciudadan\u00eda frente al Palacio de La Moneda a llegar a San Joaqu\u00edn y ser emplazada frente al templo. En su historial cuenta con un reclamo hecho por una persona ciega a Monumentos Nacionales tras chocar con la escultura en forma de \u201cT\u201d al no poder detectarla con su bast\u00f3n a ras de piso.<\/p>\n\n\n\n<p><strong>Agua de Vida \u2013 Casa Central<\/strong>&nbsp;<\/p>\n\n\n\n<p>La creaci\u00f3n de Mario Irarr\u00e1zabal \u201cAgua de Vida\u201d fue instalada por la universidad el a\u00f1o 2015 en el patio de la Facultad de Derecho. Al artista, que fue profesor en la Escuela de Arte de la UC entre 1972 y 1974, se le encarg\u00f3 la obra con el prop\u00f3sito de promover el arte en los espacios p\u00fablicos de la universidad.<\/p>\n\n\n\n<p>La obra constituye una fuente circular de bronce, donde se posan figuras humanas que contemplan el centro. Adem\u00e1s, destaca por la superstici\u00f3n de los estudiantes de Derecho: nunca se debe contar cu\u00e1ntas personas hay en la ronda, o el t\u00edtulo podr\u00eda correr riesgo.&nbsp;<\/p>\n\n\n\n<p><strong>En recuerdo de Benjam\u00edn \u2013 Lo Contador<\/strong><\/p>\n\n\n\n<p>Ubicada en el Patio de los Naranjos, esta escultura de hormig\u00f3n gris fue creada en 2009 y donada por Federico Assler. Su prop\u00f3sito fue rendir homenaje a su hijo menor, Benjam\u00edn, quien fue estudiante de Arquitectura en la UC. La obra refleja el mundo interno del artista y el v\u00ednculo que ten\u00eda con el joven, quien le ayudaba en la creaci\u00f3n de sus esculturas hasta su muerte el a\u00f1o 2006.<\/p>\n\n\n\n<p><strong>Grupo Humano \u2013 San Joaqu\u00edn<\/strong>&nbsp;<\/p>\n\n\n\n<p>\u201cGrupo Humano\u201d iba a ser originalmente instalada en Vi\u00f1a del Mar, pero finalmente fue donada por el artista a la universidad y ahora est\u00e1 ubicada frente a la Escuela de Ingenier\u00eda. La escultura de casi 3 metros de altura fue realizada por Mario Irarr\u00e1zabal en 1982, elaborada en hormig\u00f3n y terracota te\u00f1ida.&nbsp;<\/p>\n\n\n\n<p>La obra representa la preocupaci\u00f3n del artista por las relaciones de poder entre las personas y la p\u00e9rdida de identidad individual, al generar en el espectador una sensaci\u00f3n de peque\u00f1ez. Siendo popularmente conocida como \u201cLos Meones\u201d, quienes transitan cerca de ella tienen especial cuidado en no pasar por debajo.<\/p>\n\n\n\n<p><strong>Papa Juan Pablo II \u2013 Casa Central<\/strong><\/p>\n\n\n\n<p>La escultura de Juan Pablo II est\u00e1 ubicada en el patio que lleva su mismo nombre, tambi\u00e9n conocido por los estudiantes de Casa Central como \u00abel Papatio\u00bb. La obra de acero fue creada por Arturo Hevia, quien tambi\u00e9n lider\u00f3 este a\u00f1o su proceso de restauraci\u00f3n, y se instal\u00f3 en la universidad en conmemoraci\u00f3n de la visita del Papa en 1987.<\/p>\n\n\n\n<p><strong>Busto de Mozart \u2013 Campus Oriente<\/strong><\/p>\n\n\n\n<p>En los pasillos del Instituto de M\u00fasica se puede ver el rostro de uno de los m\u00fasicos m\u00e1s influyentes del mundo. Rodeado por las melod\u00edas de los estudiantes int\u00e9rpretes que practican en las salas de clases, est\u00e1 el busto de Mozart.&nbsp;<\/p>\n\n\n\n<p>Es una donaci\u00f3n del escultor Arturo Hevia Salazar, que ha llegado a convertirse en una obra ic\u00f3nica para los estudiantes del campus. Con el rostro cubierto de besos, muestra la tradici\u00f3n de los m\u00fasicos en formaci\u00f3n que creen que el labial rojo les traer\u00e1 buena suerte en sus evaluaciones.<\/p>\n\n\n\n<p><strong>Madre Mapuche \u2013 Casa Central<\/strong>&nbsp;<\/p>\n\n\n\n<p>Entre los pasillos m\u00e1s antiguos de Casa Central, frente a la oficina del rector, se encuentra \u201cMadre Mapuche\u201d. Fue creada por Virginio Arias, autor del monumento al general Baquedano en Plaza Italia. Est\u00e1 hecha en bronce a cera perdida, es decir, una r\u00e9plica met\u00e1lica de su original en yeso de 1920. Fue hecha en 1997 despu\u00e9s de la muerte del artista, quien en sus \u00faltimos a\u00f1os perdi\u00f3 la visi\u00f3n y se vio obligado a esculpir bas\u00e1ndose en el tacto.<\/p>\n\n\n\n<p><strong>Cuatro Vientos &#8211; San Joaqu\u00edn<\/strong><\/p>\n\n\n\n<p>\u201cCuatro vientos\u201d fue fabricada por Osvaldo Pe\u00f1a en el a\u00f1o 2010 y lleg\u00f3 como encargo de la propia universidad a la Alameda del campus San Joaqu\u00edn. La estructura est\u00e1 elaborada en acero plegado y los rostros esculpidos en acero fundido.&nbsp;<\/p>\n\n\n\n<p>Seg\u00fan el autor, la obra intenta retratar el movimiento, a pesar de ser un elemento est\u00e1tico e inscrito en un cuadrado. Este movimiento es sugerido por la composici\u00f3n presentada: cada elemento est\u00e1 montado sobre el siguiente y dispuesto en forma diagonal.<\/p>\n","protected":false},"excerpt":{"rendered":"<p>Conoce a los autores, datos curiosos y todo lo que hay detr\u00e1s de las obras que se han transformado en parte importante de la infraestructura de la universidad. A 21 d\u00edas para que comience la primavera, las temperaturas van aumentando y tambi\u00e9n las razones para salir al patio. Los estudiantes, en medio de la rutina [&hellip;]<\/p>\n","protected":false},"author":1,"featured_media":5911,"comment_status":"closed","ping_status":"closed","sticky":false,"template":"","format":"standard","meta":{"_eb_attr":"","_gspb_post_css":"","om_disable_all_campaigns":false,"_monsterinsights_skip_tracking":false,"_monsterinsights_sitenote_active":false,"_monsterinsights_sitenote_note":"","_monsterinsights_sitenote_category":0,"footnotes":""},"categories":[15],"tags":[],"class_list":["post-5910","post","type-post","status-publish","format-standard","has-post-thumbnail","hentry","category-cultura"],"blocksy_meta":[],"aioseo_notices":[],"_links":{"self":[{"href":"https:\/\/elpuclitico.cl\/index.php\/wp-json\/wp\/v2\/posts\/5910","targetHints":{"allow":["GET"]}}],"collection":[{"href":"https:\/\/elpuclitico.cl\/index.php\/wp-json\/wp\/v2\/posts"}],"about":[{"href":"https:\/\/elpuclitico.cl\/index.php\/wp-json\/wp\/v2\/types\/post"}],"author":[{"embeddable":true,"href":"https:\/\/elpuclitico.cl\/index.php\/wp-json\/wp\/v2\/users\/1"}],"replies":[{"embeddable":true,"href":"https:\/\/elpuclitico.cl\/index.php\/wp-json\/wp\/v2\/comments?post=5910"}],"version-history":[{"count":1,"href":"https:\/\/elpuclitico.cl\/index.php\/wp-json\/wp\/v2\/posts\/5910\/revisions"}],"predecessor-version":[{"id":5912,"href":"https:\/\/elpuclitico.cl\/index.php\/wp-json\/wp\/v2\/posts\/5910\/revisions\/5912"}],"wp:featuredmedia":[{"embeddable":true,"href":"https:\/\/elpuclitico.cl\/index.php\/wp-json\/wp\/v2\/media\/5911"}],"wp:attachment":[{"href":"https:\/\/elpuclitico.cl\/index.php\/wp-json\/wp\/v2\/media?parent=5910"}],"wp:term":[{"taxonomy":"category","embeddable":true,"href":"https:\/\/elpuclitico.cl\/index.php\/wp-json\/wp\/v2\/categories?post=5910"},{"taxonomy":"post_tag","embeddable":true,"href":"https:\/\/elpuclitico.cl\/index.php\/wp-json\/wp\/v2\/tags?post=5910"}],"curies":[{"name":"wp","href":"https:\/\/api.w.org\/{rel}","templated":true}]}}