{"id":5921,"date":"2026-09-04T00:56:59","date_gmt":"2026-09-04T00:56:59","guid":{"rendered":"https:\/\/elpuclitico.cl\/?p=5921"},"modified":"2026-09-04T02:24:00","modified_gmt":"2026-09-04T02:24:00","slug":"mananas-mas-oscuras-tardes-mas-largas-este-sabado-5-de-septiembre-inicia-el-horario-de-verano","status":"publish","type":"post","link":"https:\/\/elpuclitico.cl\/index.php\/2026\/09\/04\/mananas-mas-oscuras-tardes-mas-largas-este-sabado-5-de-septiembre-inicia-el-horario-de-verano\/","title":{"rendered":"Ma\u00f1anas m\u00e1s oscuras, tardes m\u00e1s largas: este s\u00e1bado 5 de septiembre inicia el horario de verano"},"content":{"rendered":"\n<p><em>Con este cambio, los alumnos que tienen clases en el primer bloque saldr\u00e1n de sus casas a oscuras y los que terminan su jornada durante la tarde podr\u00e1n disfrutar de una hora m\u00e1s de sol.<\/em><\/p>\n\n\n\n<p><em>Nota por Matilde Prado<\/em><\/p>\n\n\n\n<p>El reloj corre y el horario de verano comienza. Este s\u00e1bado 5 de septiembre, a la medianoche, se adelantar\u00e1 la hora en 60 minutos. Establecido por el Decreto Supremo N.\u00b0 98 del Ministerio del Interior, al momento en que marquen las 23.59 del s\u00e1bado, pasar\u00e1n directamente a ser la 01.00 de la madrugada del domingo 6 de septiembre.&nbsp;<\/p>\n\n\n\n<p>Con el cambio de horario, se proyecta que amanecer\u00e1 en torno a las 07.50 y el anochecer ser\u00e1 cerca de las 19.30. De esta manera, quienes asisten a las primeras clases del d\u00eda deber\u00e1n trasladarse a\u00fan sin luz solar, a cambio de que quienes finalizan su jornada por la tarde cuenten con m\u00e1s claridad al volver a su casa.<\/p>\n\n\n\n<p>Este cambio de hora se debe principalmente a una medida para optimizar al m\u00e1ximo la luz natural y reducir el consumo de energ\u00eda el\u00e9ctrica. A pesar de tener una hora menos de sue\u00f1o, hay personas que ven este cambio como beneficioso porque tienen la sensaci\u00f3n de tener m\u00e1s tiempo durante el d\u00eda.<\/p>\n\n\n\n<p>Esta medida se aplicar\u00e1 en la mayor\u00eda del territorio continental, mientras que las regiones de Ays\u00e9n, Magallanes y la Ant\u00e1rtica Chilena mantendr\u00e1n su horario establecido. El horario de verano estar\u00e1 vigente hasta el s\u00e1bado 3 de abril de 2027, cuando se retornar\u00e1 al horario de invierno.<\/p>\n","protected":false},"excerpt":{"rendered":"<p>Con este cambio, los alumnos que tienen clases en el primer bloque saldr\u00e1n de sus casas a oscuras y los que terminan su jornada durante la tarde podr\u00e1n disfrutar de una hora m\u00e1s de sol. Nota por Matilde Prado El reloj corre y el horario de verano comienza. Este s\u00e1bado 5 de septiembre, a la [&hellip;]<\/p>\n","protected":false},"author":1,"featured_media":5923,"comment_status":"closed","ping_status":"closed","sticky":false,"template":"","format":"standard","meta":{"_eb_attr":"","_gspb_post_css":"","om_disable_all_campaigns":false,"_monsterinsights_skip_tracking":false,"_monsterinsights_sitenote_active":false,"_monsterinsights_sitenote_note":"","_monsterinsights_sitenote_category":0,"footnotes":""},"categories":[14],"tags":[],"class_list":["post-5921","post","type-post","status-publish","format-standard","has-post-thumbnail","hentry","category-actualidad"],"blocksy_meta":[],"aioseo_notices":[],"_links":{"self":[{"href":"https:\/\/elpuclitico.cl\/index.php\/wp-json\/wp\/v2\/posts\/5921","targetHints":{"allow":["GET"]}}],"collection":[{"href":"https:\/\/elpuclitico.cl\/index.php\/wp-json\/wp\/v2\/posts"}],"about":[{"href":"https:\/\/elpuclitico.cl\/index.php\/wp-json\/wp\/v2\/types\/post"}],"author":[{"embeddable":true,"href":"https:\/\/elpuclitico.cl\/index.php\/wp-json\/wp\/v2\/users\/1"}],"replies":[{"embeddable":true,"href":"https:\/\/elpuclitico.cl\/index.php\/wp-json\/wp\/v2\/comments?post=5921"}],"version-history":[{"count":1,"href":"https:\/\/elpuclitico.cl\/index.php\/wp-json\/wp\/v2\/posts\/5921\/revisions"}],"predecessor-version":[{"id":5924,"href":"https:\/\/elpuclitico.cl\/index.php\/wp-json\/wp\/v2\/posts\/5921\/revisions\/5924"}],"wp:featuredmedia":[{"embeddable":true,"href":"https:\/\/elpuclitico.cl\/index.php\/wp-json\/wp\/v2\/media\/5923"}],"wp:attachment":[{"href":"https:\/\/elpuclitico.cl\/index.php\/wp-json\/wp\/v2\/media?parent=5921"}],"wp:term":[{"taxonomy":"category","embeddable":true,"href":"https:\/\/elpuclitico.cl\/index.php\/wp-json\/wp\/v2\/categories?post=5921"},{"taxonomy":"post_tag","embeddable":true,"href":"https:\/\/elpuclitico.cl\/index.php\/wp-json\/wp\/v2\/tags?post=5921"}],"curies":[{"name":"wp","href":"https:\/\/api.w.org\/{rel}","templated":true}]}}