{"id":5927,"date":"2026-09-04T21:23:05","date_gmt":"2026-09-04T21:23:05","guid":{"rendered":"https:\/\/elpuclitico.cl\/?p=5927"},"modified":"2026-09-04T21:34:04","modified_gmt":"2026-09-04T21:34:04","slug":"amanecer-ya-no-existe-representantes-confirman-el-quiebre-de-la-coalicion","status":"publish","type":"post","link":"https:\/\/elpuclitico.cl\/index.php\/2026\/09\/04\/amanecer-ya-no-existe-representantes-confirman-el-quiebre-de-la-coalicion\/","title":{"rendered":"\u201cAmanecer ya no existe\u201d: Representantes confirman el quiebre de la coalici\u00f3n"},"content":{"rendered":"\n<p><em>Durante el debate organizado por el Centro de Alumnos de Administraci\u00f3n y Econom\u00eda, Andr\u00e9s Delgado, miembro de la BUS, y Agust\u00edn Lazo, integrante del Frente Amplio, aseguraron la disoluci\u00f3n de la coalici\u00f3n Amanecer.<\/em><\/p>\n\n\n\n<p>Andr\u00e9s Delgado, miembro de la Brigada Universitaria Socialista (BUS), afirm\u00f3 que \u201cAmanecer ya no existe\u201d. Durante el debate de movimientos pol\u00edticos de este jueves 3 de septiembre en el patio de Ingenier\u00eda Comercial UC, Delgado asegur\u00f3 el quiebre de la coalici\u00f3n de izquierda.\u00a0<\/p>\n\n\n\n<p>\u201cPrimero que todo, como dijo mi compa\u00f1ero del Frente Amplio, Amanecer ya no existe\u201d, dijo el miembro de la BUS. Sostuvo que el movimiento pol\u00edtico est\u00e1 en contra de la violencia: \u201cDesde la BUS estamos en contra de la violencia y creemos que no es el mecanismo. Es una acotaci\u00f3n totalmente infundada, porque nunca la hemos avalado\u201d.&nbsp;<\/p>\n\n\n\n<p>\u201cTras el quiebre de la coalici\u00f3n Amanecer, \u00bfqu\u00e9 har\u00e1 el Frente Amplio para unir a los movimientos de izquierda dentro del pacto electoral Amanecer y qu\u00e9 har\u00e1 para llegar al estudiantado que no se siente representado con su movimiento?\u201d, pregunt\u00f3 Lucas Donoso, miembro de Surgencia, a los integrantes de los movimientos de izquierda.&nbsp;<\/p>\n\n\n\n<p>Agust\u00edn Lazo, militante del FA, asegur\u00f3 que \u201cAmanecer fall\u00f3\u201d, y que es necesario que, como coalici\u00f3n, hagan una autocr\u00edtica. \u201cQuiero pedir perd\u00f3n al estudiante que confi\u00f3 en nosotros\u201d, dijo Lazo. Asegur\u00f3 que hubo decisiones tomadas por el pacto que, seg\u00fan \u00e9l, lo hicieron sentir avergonzado. Sin embargo, asegur\u00f3 que \u201cel proyecto pol\u00edtico sigue activo, y eso nunca va a cambiar\u201d.<\/p>\n\n\n\n<p>El PUCl\u00edtico consult\u00f3 a los movimientos involucrados si este quiebre abre la posibilidad de formar una nueva coalici\u00f3n, pero no se ha obtenido respuesta. Fuentes internas se\u00f1alan que a\u00fan se mantienen conversaciones para definir el futuro de la izquierda universitaria.&nbsp;<\/p>\n","protected":false},"excerpt":{"rendered":"<p>Durante el debate organizado por el Centro de Alumnos de Administraci\u00f3n y Econom\u00eda, Andr\u00e9s Delgado, miembro de la BUS, y Agust\u00edn Lazo, integrante del Frente Amplio, aseguraron la disoluci\u00f3n de la coalici\u00f3n Amanecer. Andr\u00e9s Delgado, miembro de la Brigada Universitaria Socialista (BUS), afirm\u00f3 que \u201cAmanecer ya no existe\u201d. Durante el debate de movimientos pol\u00edticos de [&hellip;]<\/p>\n","protected":false},"author":1,"featured_media":5928,"comment_status":"closed","ping_status":"closed","sticky":false,"template":"","format":"standard","meta":{"_eb_attr":"","_gspb_post_css":"","om_disable_all_campaigns":false,"_monsterinsights_skip_tracking":false,"_monsterinsights_sitenote_active":false,"_monsterinsights_sitenote_note":"","_monsterinsights_sitenote_category":0,"footnotes":""},"categories":[14,17],"tags":[],"class_list":["post-5927","post","type-post","status-publish","format-standard","has-post-thumbnail","hentry","category-actualidad","category-politicauniversitaria"],"blocksy_meta":[],"aioseo_notices":[],"_links":{"self":[{"href":"https:\/\/elpuclitico.cl\/index.php\/wp-json\/wp\/v2\/posts\/5927","targetHints":{"allow":["GET"]}}],"collection":[{"href":"https:\/\/elpuclitico.cl\/index.php\/wp-json\/wp\/v2\/posts"}],"about":[{"href":"https:\/\/elpuclitico.cl\/index.php\/wp-json\/wp\/v2\/types\/post"}],"author":[{"embeddable":true,"href":"https:\/\/elpuclitico.cl\/index.php\/wp-json\/wp\/v2\/users\/1"}],"replies":[{"embeddable":true,"href":"https:\/\/elpuclitico.cl\/index.php\/wp-json\/wp\/v2\/comments?post=5927"}],"version-history":[{"count":3,"href":"https:\/\/elpuclitico.cl\/index.php\/wp-json\/wp\/v2\/posts\/5927\/revisions"}],"predecessor-version":[{"id":5931,"href":"https:\/\/elpuclitico.cl\/index.php\/wp-json\/wp\/v2\/posts\/5927\/revisions\/5931"}],"wp:featuredmedia":[{"embeddable":true,"href":"https:\/\/elpuclitico.cl\/index.php\/wp-json\/wp\/v2\/media\/5928"}],"wp:attachment":[{"href":"https:\/\/elpuclitico.cl\/index.php\/wp-json\/wp\/v2\/media?parent=5927"}],"wp:term":[{"taxonomy":"category","embeddable":true,"href":"https:\/\/elpuclitico.cl\/index.php\/wp-json\/wp\/v2\/categories?post=5927"},{"taxonomy":"post_tag","embeddable":true,"href":"https:\/\/elpuclitico.cl\/index.php\/wp-json\/wp\/v2\/tags?post=5927"}],"curies":[{"name":"wp","href":"https:\/\/api.w.org\/{rel}","templated":true}]}}