{"id":5932,"date":"2026-09-05T02:02:17","date_gmt":"2026-09-05T02:02:17","guid":{"rendered":"https:\/\/elpuclitico.cl\/?p=5932"},"modified":"2026-09-05T02:07:15","modified_gmt":"2026-09-05T02:07:15","slug":"italo-el-hijo-de-la-lucha-libre-y-cuatro-veces-campeon-no-hay-mejor-reaccion-que-el-abucheo","status":"publish","type":"post","link":"https:\/\/elpuclitico.cl\/index.php\/2026\/09\/05\/italo-el-hijo-de-la-lucha-libre-y-cuatro-veces-campeon-no-hay-mejor-reaccion-que-el-abucheo\/","title":{"rendered":"\u00cdtalo, \u201cel hijo de la lucha libre\u201d y cuatro veces campe\u00f3n: \u201cNo hay mejor reacci\u00f3n que el abucheo\u201d"},"content":{"rendered":"\n<p>El 5 de septiembre, Mat\u00edas Ar\u00e1nguiz, estudiante de Construcci\u00f3n Civil UC, subir\u00e1 al <em>ring <\/em>del Teatro Huemul en \u201cEXTERMINIO VII\u201d, bajo el nombre de \u201c\u00cdtalo\u201d. A pesar de sus horarios de entrenamiento y los eventos, logra compatibilizar su pasi\u00f3n en su cuarto a\u00f1o de universidad.<\/p>\n\n\n\n<p><em>Por Isidora Arias<\/em>\u00a0<\/p>\n\n\n\n<p><em>Fotograf\u00edas por Vicente Hern\u00e1ndez<\/em><\/p>\n\n\n\n<p>En una ma\u00f1ana primaveral, Mat\u00edas Ar\u00e1nguiz (21) est\u00e1 sentado en el Work Caf\u00e9 del Campus San Joaqu\u00edn. El estudiante de cuarto a\u00f1o de Construcci\u00f3n Civil UC se prepara para un fin de semana intenso: el lunes tiene una evaluaci\u00f3n de Sistemas para Obras de Infraestructura, uno de sus ramos m\u00e1s dif\u00edciles. El s\u00e1bado, en cambio, dejar\u00e1 los apuntes para subir al <em>ring<\/em>. Ese d\u00eda participar\u00e1 en un <em>show<\/em> de lucha libre en el Teatro Huemul, cuyas entradas ya est\u00e1n agotadas. Como ya es costumbre en cada uno de sus espect\u00e1culos, se convertir\u00e1 en \u00cdtalo y, desde el p\u00fablico, le gritar\u00e1n \u201cpayasito\u201d por la forma de su cabello.<\/p>\n\n\n\n<p>Ar\u00e1nguiz habla r\u00e1pido, con una seguridad que se deja ver en su tono y en la forma en que defiende sus ideales. Sus rulos negros destacan tanto como los moretones que todav\u00eda conserva en los brazos y que de a poco desaparecen.&nbsp;<\/p>\n\n\n\n<p>Creci\u00f3 en San Miguel y siempre estuvo ligado al deporte: practic\u00f3 nataci\u00f3n durante cinco a\u00f1os. A pesar de haber probado diferentes disciplinas, siempre llegaba un momento en donde \u201cse le apagaba la llama\u201d.\u00a0\u00a0<\/p>\n\n\n\n<p>El 2023 fue un a\u00f1o de cumplir metas que, hasta entonces, parec\u00edan impensadas para Ar\u00e1nguiz: ingres\u00f3 a la Universidad Cat\u00f3lica (UC) y debut\u00f3 como \u00cdtalo en la Federaci\u00f3n Nacional de Lucha Libre (FNL) despu\u00e9s de cuatro a\u00f1os de entrenamiento. Ambas partes de su vida comenzaron a crecer juntas.&nbsp;&nbsp;<\/p>\n\n\n\n<figure class=\"wp-block-image aligncenter size-large is-resized\"><img fetchpriority=\"high\" decoding=\"async\" width=\"683\" height=\"1024\" src=\"https:\/\/elpuclitico.cl\/wp-content\/uploads\/2026\/09\/IMG_6152-2-683x1024.jpg\" alt=\"\" class=\"wp-image-5934\" style=\"aspect-ratio:0.6666107241755476;width:303px;height:auto\" srcset=\"https:\/\/elpuclitico.cl\/wp-content\/uploads\/2026\/09\/IMG_6152-2-683x1024.jpg 683w, https:\/\/elpuclitico.cl\/wp-content\/uploads\/2026\/09\/IMG_6152-2-200x300.jpg 200w, https:\/\/elpuclitico.cl\/wp-content\/uploads\/2026\/09\/IMG_6152-2-768x1152.jpg 768w, https:\/\/elpuclitico.cl\/wp-content\/uploads\/2026\/09\/IMG_6152-2-1024x1536.jpg 1024w, https:\/\/elpuclitico.cl\/wp-content\/uploads\/2026\/09\/IMG_6152-2-1365x2048.jpg 1365w, https:\/\/elpuclitico.cl\/wp-content\/uploads\/2026\/09\/IMG_6152-2-scaled.jpg 1707w\" sizes=\"(max-width: 683px) 100vw, 683px\" \/><\/figure>\n\n\n\n<p>Hoy, Ar\u00e1nguiz equilibra su pasi\u00f3n y responsabilidades acad\u00e9micas. Su rutina le exige organizar sus tiempos: puede tener una lucha un domingo y una prueba al d\u00eda siguiente, pero, aun as\u00ed, procura no descuidar sus estudios. Entre el gimnasio, los entrenamientos, las presentaciones y las clases, intenta hacer espacio para estos dos mundos.<\/p>\n\n\n\n<p><strong>\u2014\u00bfCu\u00e1l es la historia de tu personaje?&nbsp;<\/strong><\/p>\n\n\n\n<p>\u2014\u00cdtalo es un luchador que busca entretener. Aparte del apodo del hijo de la lucha libre, tambi\u00e9n tiene el apodo del <em>entertainer<\/em>. \u00c9l entrega entretenimiento y hace lo que sea por \u00e9l, da lo mismo la forma. De repente hay actitudes que a la gente no le suelen gustar mucho, pero \u00e9l cree que les est\u00e1 haciendo un favor a todos y que todos deber\u00edan responderle de la misma manera.<\/p>\n\n\n\n<p>\u2014Hay lugares donde yo soy villano. La gente me detesta, no me soporta. Pero, aun as\u00ed, me tratan con cari\u00f1o y se r\u00eden de las cosas que hago. Al menos en mi casa, la FNL, la gente s\u00ed me quiere. Me toman como un ser querido.<\/p>\n\n\n\n<p>Mat\u00edas Ar\u00e1nguiz comenz\u00f3 a ver lucha libre de Estados Unidos junto a su primo en el 2015. Al poco tiempo, descubri\u00f3 que exist\u00eda la lucha libre chilena que, seg\u00fan \u00e9l, era <em>amateur<\/em>,<em> <\/em>pero de buen nivel. Pocos a\u00f1os despu\u00e9s, conoci\u00f3 la academia de lucha libre en FNL, para luego, en 2019, entrar como alumno.<\/p>\n\n\n\n<p><strong>\u2014\u00bfDesde 2019 tienes este personaje?<\/strong><\/p>\n\n\n\n<p>\u2014No, lo empec\u00e9 a construir con el pasar del tiempo. El apodo de \u201cel hijo de la lucha libre\u201d estaba. Quer\u00eda transmitir que era un ni\u00f1o mimado. Me tom\u00e9 de la idea de que, si la lucha libre fuera un tipo muy bac\u00e1n y tiene un hijo, ese hijo se cree bac\u00e1n solamente porque el pap\u00e1 lo es.\u00a0<\/p>\n\n\n\n<figure class=\"wp-block-image aligncenter size-large is-resized\"><img decoding=\"async\" width=\"683\" height=\"1024\" src=\"https:\/\/elpuclitico.cl\/wp-content\/uploads\/2026\/09\/IMG_6163-2-683x1024.jpg\" alt=\"\" class=\"wp-image-5935\" style=\"aspect-ratio:0.6666107241755476;width:314px;height:auto\" srcset=\"https:\/\/elpuclitico.cl\/wp-content\/uploads\/2026\/09\/IMG_6163-2-683x1024.jpg 683w, https:\/\/elpuclitico.cl\/wp-content\/uploads\/2026\/09\/IMG_6163-2-200x300.jpg 200w, https:\/\/elpuclitico.cl\/wp-content\/uploads\/2026\/09\/IMG_6163-2-768x1152.jpg 768w, https:\/\/elpuclitico.cl\/wp-content\/uploads\/2026\/09\/IMG_6163-2-1024x1536.jpg 1024w, https:\/\/elpuclitico.cl\/wp-content\/uploads\/2026\/09\/IMG_6163-2-1365x2048.jpg 1365w, https:\/\/elpuclitico.cl\/wp-content\/uploads\/2026\/09\/IMG_6163-2-scaled.jpg 1707w\" sizes=\"(max-width: 683px) 100vw, 683px\" \/><\/figure>\n\n\n\n<p>\u00cdtalo ha evolucionado con el tiempo. Lo que m\u00e1s ha cambiado es su seguridad para presentarse en el <em>ring<\/em>. Usa el humor y elementos que nacen del p\u00fablico para hacer crecer su carrera. Por ejemplo, el apodo de \u201cpayasito\u201d: \u201cPude haber ignorado ese llamado del p\u00fablico, pero prefer\u00ed tomarlo y volverlo m\u00edo\u201d, dice.&nbsp;<\/p>\n\n\n\n<p><strong>\u2014\u00bfPor qu\u00e9 \u00cdtalo?<\/strong><\/p>\n\n\n\n<p>\u2014Yo buscaba un nombre chileno. Hay muchos luchadores que se ponen nombres m\u00e1s gringos y tienen la pura pinta de chileno. Incluso el ser chileno yo lo puedo tomar como parte de mi esencia, as\u00ed que no me pod\u00eda separar de eso. De lo que m\u00e1s me arrepiento es de no haberme colocado un apellido. Pero \u00cdtalo es un nombre que me gustaba, me llamaba la atenci\u00f3n y no lo escuchaba mucho. A la gente solo se le viene a la mente \u00cdtalo Passalacqua, pero no es un nombre com\u00fan. Por eso iba a ser un poquito m\u00e1s caracter\u00edstico.&nbsp;<\/p>\n\n\n\n<p><strong>\u2014\u00bfQu\u00e9 se siente que te abucheen o te aplaudan?<\/strong><\/p>\n\n\n\n<p>\u2014El generar reacci\u00f3n es una de las cosas m\u00e1s leg\u00edtimas que la lucha libre te puede dar. Eso es parte del realismo de la lucha libre, porque esto no es falso. Lo que nosotros hacemos es entregar emociones a la gente y eso es lo m\u00e1s real y genuino que uno puede tener. El miedo, la felicidad, la tristeza, todas esas cosas engloban acciones reales, no hay nada falso en eso. No hay mejor reacci\u00f3n que el abucheo y el aplauso. Es una euforia que te ayuda mentalmente.<\/p>\n\n\n\n<p><strong>\u2014\u00bfTe ha dolido el ego cuando te abuchean?<\/strong><\/p>\n\n\n\n<p>\u2014No. De hecho me encanta. Yo sonr\u00edo, escucho. Me ha dolido m\u00e1s el ego en luchas donde ha estado silencioso, donde no he podido generar reacciones, donde la gente no se meti\u00f3 tanto en la lucha, porque eso demuestra que hice un mal trabajo, que no fui eficiente y que no vali\u00f3 la pena que los jefes me hayan contratado para su <em>show<\/em>.<\/p>\n\n\n\n<p>Ar\u00e1nguiz se levanta a las 07.00. Los d\u00edas que tiene clases a las 11.00, aprovecha para ir al gimnasio antes de ir a la universidad. Los martes y mi\u00e9rcoles, despu\u00e9s de clases, entrena lucha. Los fines de semana intenta cuidarse, porque esos son sus d\u00edas de evento.<\/p>\n\n\n\n<p><strong>\u2014\u00bfCu\u00e1l es tu rutina?, \u00bfc\u00f3mo organizas tu tiempo con la universidad?<\/strong><\/p>\n\n\n\n<p>\u2014Uno depende mucho de los horarios de la u por el tema del estudio. Normalmente, lo que suelo sacrificar son entrenamientos, no <em>shows<\/em>. El tiempo que me queda libre lo ocupo para estudiar. Me ha quitado tiempo de ocio, de poder salir con gente o con mi familia, me he perdido cumplea\u00f1os, pero es algo que uno, como estudiante\u2013deportista, simplemente tiene que tragar. \u00bfEs sacrificante? S\u00ed, pero no me arrepiento.&nbsp;<\/p>\n\n\n\n<p><strong>\u2013\u00bfAlguna vez te ha pasado en un grupo social que hayas evitado o escondido esta otra parte de ti?<\/strong><\/p>\n\n\n\n<p>\u2014Muchas veces. Hasta el d\u00eda de hoy lo suelo hacer por el miedo a lo que dir\u00e1n o a c\u00f3mo reaccionar\u00e1n. De repente hay mucha gente que cree que soy una persona agresiva por el deporte que hago o empiezan a ser despectivos, y al final creo que eso me hace peor la mente que los abucheos. Depende mucho del contexto de donde est\u00e9. No es que yo me averg\u00fcence por lo que hago, pero siento que el contexto de repente no va.<\/p>\n\n\n\n<figure class=\"wp-block-image aligncenter size-large is-resized\"><img decoding=\"async\" width=\"683\" height=\"1024\" src=\"https:\/\/elpuclitico.cl\/wp-content\/uploads\/2026\/09\/IMG_6194-3-683x1024.jpg\" alt=\"\" class=\"wp-image-5936\" style=\"aspect-ratio:0.6666107241755476;width:356px;height:auto\" srcset=\"https:\/\/elpuclitico.cl\/wp-content\/uploads\/2026\/09\/IMG_6194-3-683x1024.jpg 683w, https:\/\/elpuclitico.cl\/wp-content\/uploads\/2026\/09\/IMG_6194-3-200x300.jpg 200w, https:\/\/elpuclitico.cl\/wp-content\/uploads\/2026\/09\/IMG_6194-3-768x1152.jpg 768w, https:\/\/elpuclitico.cl\/wp-content\/uploads\/2026\/09\/IMG_6194-3-1024x1536.jpg 1024w, https:\/\/elpuclitico.cl\/wp-content\/uploads\/2026\/09\/IMG_6194-3-1365x2048.jpg 1365w, https:\/\/elpuclitico.cl\/wp-content\/uploads\/2026\/09\/IMG_6194-3-scaled.jpg 1707w\" sizes=\"(max-width: 683px) 100vw, 683px\" \/><\/figure>\n\n\n\n<p><strong>\u2014\u00bfQu\u00e9 es lo que m\u00e1s te gusta de ser luchador?<\/strong><\/p>\n\n\n\n<p>\u2014La libertad que me da. No hay sentimiento m\u00e1s libre que entrar al escenario, escuchar tu tema de entrada y que la gente grite lo que sea. No hay mejor salida de la rutina, no solo como luchador, sino tambi\u00e9n como p\u00fablico. Muchas veces se habla como si el personaje y la persona no estuviesen conectados, pero, al final, es la expresi\u00f3n de libertad m\u00e1s grande que hay, al igual como lo es el teatro o jugar a la pelota. No hay cosa que englobe m\u00e1s a todos: frikis, mujeres, hombres, otakus, de todo. Es como los pokemones: siempre un pokemon es el favorito de alguien. La lucha libre es as\u00ed.<\/p>\n\n\n\n<p>Su futuro ideal es dedicarse al cien por ciento a la lucha. A pesar de algunas batallas perdidas, le gusta la carrera de Construcci\u00f3n Civil, por lo que lo ve como un plan B. De dos a tres a\u00f1os m\u00e1s le gustar\u00eda estar trabajando para poder ir a Estados Unidos, M\u00e9xico o Jap\u00f3n a luchar, o si tiene suerte, quedarse y profesionalizar la lucha libre en Chile.<\/p>\n\n\n\n<p><strong>\u2014\u00bfAlg\u00fan logro que te gustar\u00eda alcanzar en el largo plazo?<\/strong><\/p>\n\n\n\n<p>\u2014Me encantar\u00eda que \u00cdtalo fuera un nombre reconocido. A un nivel como <em>Perfecto Bundy<\/em>, como <em>Zatara<\/em>, <em>Guanchulo<\/em>, <em>Harold Rock<\/em>, que son luchadores s\u00edmbolo ac\u00e1 en Chile que no se tienen que presentar, porque todo el mundo los conoce. No por las luces, sino por saber que realmente lo di todo, que realmente soy bueno en esto.&nbsp;<\/p>\n\n\n\n<p>\u2014Y un sue\u00f1o para m\u00ed es traer de nuevo la lucha libre a la televisi\u00f3n chilena, como lo fueron los <em>Titanes del Ring<\/em>. Considero que la lucha libre chilena tiene el mejor nivel que ha tenido en su historia, pero no est\u00e1 en el punto m\u00e1s alto de visibilidad al que puede llegar. Tenemos los luchadores, tenemos buenas historias, tenemos un buen nivel \u201cluch\u00edstico\u201d.<\/p>\n\n\n\n<p><strong>\u2014\u00bfQu\u00e9 es lo que te motiva a seguir tanto en la lucha como en la U?&nbsp;<\/strong><\/p>\n\n\n\n<p>\u2014Siento que con la lucha libre es lo mismo que con la universidad. A pesar de los bajones, de querer congelar la carrera, est\u00e1 el poder colgar las botas y retirarme. A\u00fan est\u00e1 esa llama en ambos, y por eso siento que es muy lindo que haya partido luchando casi a la misma vez que cuando entr\u00e9 a la universidad. Son cosas que se complementan.<\/p>\n\n\n\n<p><strong>\u2014\u00bfAlguna vez aplicaste en la U algo que hayas aprendido en la lucha?&nbsp;<\/strong><\/p>\n\n\n\n<p>\u2014S\u00ed, por supuesto. La lucha libre engloba muchas cosas. El puro hecho de tener que hablar en p\u00fablico con buen l\u00e9xico me ha ayudado al momento de escribir informes y tener buena comprensi\u00f3n lectora. Tambi\u00e9n el hecho de tener que organizarme para poder mezclar estos dos mundos, me ayuda a ser una persona m\u00e1s organizada.<\/p>\n\n\n\n<p><strong>\u2014\u00bfTe gustar\u00eda presentarte en la UC?&nbsp;<\/strong><\/p>\n\n\n\n<p>\u2014Me encantar\u00eda, no hay d\u00eda que no lo piense. Me encantar\u00eda poder traer un <em>ring<\/em>, ponerlo afuera del patio de construcci\u00f3n o ac\u00e1 afuera de la iglesia. Hacerlo gratis no me importa: llamo a un par de luchadores que puedan. S\u00e9 que la gente se interesar\u00eda, porque es algo nuevo y la gente es morbosa.&nbsp;<\/p>\n\n\n\n<figure class=\"wp-block-image aligncenter size-large is-resized\"><img loading=\"lazy\" decoding=\"async\" width=\"1024\" height=\"683\" src=\"https:\/\/elpuclitico.cl\/wp-content\/uploads\/2026\/09\/IMG_6138-2-1024x683.jpg\" alt=\"\" class=\"wp-image-5937\" style=\"width:628px;height:auto\" srcset=\"https:\/\/elpuclitico.cl\/wp-content\/uploads\/2026\/09\/IMG_6138-2-1024x683.jpg 1024w, https:\/\/elpuclitico.cl\/wp-content\/uploads\/2026\/09\/IMG_6138-2-300x200.jpg 300w, https:\/\/elpuclitico.cl\/wp-content\/uploads\/2026\/09\/IMG_6138-2-768x512.jpg 768w, https:\/\/elpuclitico.cl\/wp-content\/uploads\/2026\/09\/IMG_6138-2-1536x1024.jpg 1536w, https:\/\/elpuclitico.cl\/wp-content\/uploads\/2026\/09\/IMG_6138-2-2048x1365.jpg 2048w\" sizes=\"(max-width: 1024px) 100vw, 1024px\" \/><\/figure>\n\n\n\n<p><strong>Bonus track &#8211; PUClicuestionario<\/strong><\/p>\n\n\n\n<p><strong>\u2014<\/strong><strong>\u00bfBa\u00f1o favorito?&nbsp;<\/strong><\/p>\n\n\n\n<p><strong>\u2014<\/strong>Los de la Facultad de Econom\u00eda.<\/p>\n\n\n\n<p><strong>\u2014\u00bfRamo favorito?<\/strong><\/p>\n\n\n\n<p><strong>\u2014<\/strong>Est\u00e1 entre Topograf\u00eda y Administraci\u00f3n de Obras.<\/p>\n\n\n\n<p><strong>\u2014\u00bfRamo m\u00e1s temido?<\/strong><\/p>\n\n\n\n<p><strong>\u2014<\/strong>Sistemas para Obras de Infraestructura.<\/p>\n\n\n\n<p><strong>\u2014Cosa que quieras hacer antes de egresar<\/strong><\/p>\n\n\n\n<p><strong>\u2014<\/strong>Hacer un show ac\u00e1 mientras yo sea estudiante. Me gustar\u00eda representar a Construcci\u00f3n Civil en una lucha, hacer un desaf\u00edo abierto y poder mostrarme ac\u00e1.&nbsp;<\/p>\n\n\n\n<p><strong>\u2014OFG que recomiendas&nbsp;<\/strong><\/p>\n\n\n\n<p><strong>\u2014<\/strong>Tenis I con el profesor H\u00e9ctor. No he encontrado persona m\u00e1s simp\u00e1tica e hilarante que \u00e9l, te motiva a ir a su clase.<\/p>\n\n\n\n<p><strong>\u2014Si fueras rector de la UC \u00bfcu\u00e1l ser\u00eda tu primera medida?<\/strong><\/p>\n\n\n\n<p><strong>\u2014<\/strong>Como persona deportista, me tomar\u00eda un poquito m\u00e1s en serio el tema de no fumar, pero no solamente poner un cartelito. Yo no podr\u00eda ser rector, porque ser\u00eda muy dictador para mis cosas.&nbsp;<\/p>\n\n\n\n<p><strong>\u2014Inv\u00e9ntate un ramo<\/strong><\/p>\n\n\n\n<p><strong>\u2014<\/strong>Lucha libre I.<\/p>\n","protected":false},"excerpt":{"rendered":"<p>El 5 de septiembre, Mat\u00edas Ar\u00e1nguiz, estudiante de Construcci\u00f3n Civil UC, subir\u00e1 al ring del Teatro Huemul en \u201cEXTERMINIO VII\u201d, bajo el nombre de \u201c\u00cdtalo\u201d. A pesar de sus horarios de entrenamiento y los eventos, logra compatibilizar su pasi\u00f3n en su cuarto a\u00f1o de universidad. Por Isidora Arias\u00a0 Fotograf\u00edas por Vicente Hern\u00e1ndez En una ma\u00f1ana [&hellip;]<\/p>\n","protected":false},"author":14,"featured_media":5933,"comment_status":"closed","ping_status":"closed","sticky":false,"template":"","format":"standard","meta":{"_eb_attr":"","_gspb_post_css":"","om_disable_all_campaigns":false,"_monsterinsights_skip_tracking":false,"_monsterinsights_sitenote_active":false,"_monsterinsights_sitenote_note":"","_monsterinsights_sitenote_category":0,"footnotes":""},"categories":[46,25],"tags":[],"class_list":["post-5932","post","type-post","status-publish","format-standard","has-post-thumbnail","hentry","category-deportes","category-entrevistas"],"blocksy_meta":[],"aioseo_notices":[],"_links":{"self":[{"href":"https:\/\/elpuclitico.cl\/index.php\/wp-json\/wp\/v2\/posts\/5932","targetHints":{"allow":["GET"]}}],"collection":[{"href":"https:\/\/elpuclitico.cl\/index.php\/wp-json\/wp\/v2\/posts"}],"about":[{"href":"https:\/\/elpuclitico.cl\/index.php\/wp-json\/wp\/v2\/types\/post"}],"author":[{"embeddable":true,"href":"https:\/\/elpuclitico.cl\/index.php\/wp-json\/wp\/v2\/users\/14"}],"replies":[{"embeddable":true,"href":"https:\/\/elpuclitico.cl\/index.php\/wp-json\/wp\/v2\/comments?post=5932"}],"version-history":[{"count":3,"href":"https:\/\/elpuclitico.cl\/index.php\/wp-json\/wp\/v2\/posts\/5932\/revisions"}],"predecessor-version":[{"id":5940,"href":"https:\/\/elpuclitico.cl\/index.php\/wp-json\/wp\/v2\/posts\/5932\/revisions\/5940"}],"wp:featuredmedia":[{"embeddable":true,"href":"https:\/\/elpuclitico.cl\/index.php\/wp-json\/wp\/v2\/media\/5933"}],"wp:attachment":[{"href":"https:\/\/elpuclitico.cl\/index.php\/wp-json\/wp\/v2\/media?parent=5932"}],"wp:term":[{"taxonomy":"category","embeddable":true,"href":"https:\/\/elpuclitico.cl\/index.php\/wp-json\/wp\/v2\/categories?post=5932"},{"taxonomy":"post_tag","embeddable":true,"href":"https:\/\/elpuclitico.cl\/index.php\/wp-json\/wp\/v2\/tags?post=5932"}],"curies":[{"name":"wp","href":"https:\/\/api.w.org\/{rel}","templated":true}]}}