{"id":678,"date":"2022-07-05T02:20:39","date_gmt":"2022-07-05T02:20:39","guid":{"rendered":"http:\/\/elpuclitico.cl\/?p=678"},"modified":"2023-01-04T20:10:55","modified_gmt":"2023-01-04T20:10:55","slug":"678","status":"publish","type":"post","link":"https:\/\/elpuclitico.cl\/index.php\/2022\/07\/05\/678\/","title":{"rendered":"La minor\u00eda falsa"},"content":{"rendered":"\n<p>Estimada directora,<\/p>\n\n\n\n<p>Hace tiempo que ya somos conscientes, en particular las mujeres, de lo peque\u00f1as que son las tallas en las tiendas de ropa. Algunas empresas, como Falabella, han tomado estos reclamos a su favor y han adoptado el termino Curvy.<\/p>\n\n\n\n<p>Pero, \u00bfQu\u00e9 es ser curvy? Estimado lector y directora, le invito a ver las im\u00e1genes de la campa\u00f1a antes de seguir leyendo<\/p>\n\n\n\n<figure class=\"wp-block-image size-full\"><img fetchpriority=\"high\" decoding=\"async\" width=\"223\" height=\"248\" src=\"https:\/\/elpuclitico.cl\/wp-content\/uploads\/2022\/07\/Picture1.png\" alt=\"\" class=\"wp-image-680\"\/><\/figure>\n\n\n\n<figure class=\"wp-block-image size-full\"><img decoding=\"async\" width=\"222\" height=\"175\" src=\"https:\/\/elpuclitico.cl\/wp-content\/uploads\/2022\/07\/Picture2.png\" alt=\"\" class=\"wp-image-681\"\/><\/figure>\n\n\n\n<p>Como pueden ver, son mujeres del d\u00eda a d\u00eda y que no aparecieron m\u00e1gicamente en 2022.<\/p>\n\n\n\n<p>Volviendo a la pregunta, perd\u00f3n la expresi\u00f3n, \u00bfQu\u00e9 cresta es curvy?\u00bfTalla m\u00e1s all\u00e1 del la 40?\u00bfQu\u00e9 pasa cuando la 40 puede ser equivalente a la 38? \u00bfMujeres m\u00e1s gordas? \u00bfM\u00e1s gordas que qu\u00e9 mujer?<\/p>\n\n\n\n<p>Tratan al cuerpo normal como si fuera una minor\u00eda. Nos venden el concepto de inclusi\u00f3n cuando, en realidad, los cuerpos de estas campa\u00f1as son aquellos que vemos todos los d\u00edas. A pesar de los esfuerzos por hacer valer a todo tipo de mujeres por como son, resulta excluyente el hacer campa\u00f1a de una minoridad que simplemente es mayoridad; una minoridad falsa. Todo esto, a base de algo que ellos mismos crearon y que, de hecho, con esta campa\u00f1a enfatizan; la ropa normal es la ropa de personas flacas y la ropa especial y simpatizante es la curvy.<\/p>\n\n\n\n<p>\u00bfAcaso vend\u00edan ropa \u00b4\u00b4skinny\u00b4\u00b4 conscientemente?\u00bfQu\u00e9 es skinny? No es nada, ambos conceptos son etiquetas usadas para celebrar a la misma tienda que nos trae la desgracia de no caber en la talla \u201cm\u00e1s grande\u201d.<\/p>\n\n\n\n<p>Ojal\u00e1, se agregaran tallas sin agregar etiquetas. Hago un llamado a no usar esta inclusi\u00f3n como celebraci\u00f3n, pues simplemente se trata de adaptar la realidad de nuestros cuerpos que siempre ha existido.<\/p>\n\n\n\n<p>Por Luz Mahns. Estudiante de Periodismo <\/p>\n","protected":false},"excerpt":{"rendered":"<p>Estimada directora, Hace tiempo que ya somos conscientes, en particular las mujeres, de lo peque\u00f1as que son las tallas en las tiendas de ropa. Algunas empresas, como Falabella, han tomado estos reclamos a su favor y han adoptado el termino Curvy. Pero, \u00bfQu\u00e9 es ser curvy? Estimado lector y directora, le invito a ver las [&hellip;]<\/p>\n","protected":false},"author":1,"featured_media":680,"comment_status":"open","ping_status":"open","sticky":false,"template":"","format":"standard","meta":{"_eb_attr":"","_gspb_post_css":"","om_disable_all_campaigns":false,"_monsterinsights_skip_tracking":false,"_monsterinsights_sitenote_active":false,"_monsterinsights_sitenote_note":"","_monsterinsights_sitenote_category":0,"footnotes":""},"categories":[13,21],"tags":[],"class_list":["post-678","post","type-post","status-publish","format-standard","has-post-thumbnail","hentry","category-carta-a-la-directora","category-opinion"],"blocksy_meta":[],"aioseo_notices":[],"_links":{"self":[{"href":"https:\/\/elpuclitico.cl\/index.php\/wp-json\/wp\/v2\/posts\/678","targetHints":{"allow":["GET"]}}],"collection":[{"href":"https:\/\/elpuclitico.cl\/index.php\/wp-json\/wp\/v2\/posts"}],"about":[{"href":"https:\/\/elpuclitico.cl\/index.php\/wp-json\/wp\/v2\/types\/post"}],"author":[{"embeddable":true,"href":"https:\/\/elpuclitico.cl\/index.php\/wp-json\/wp\/v2\/users\/1"}],"replies":[{"embeddable":true,"href":"https:\/\/elpuclitico.cl\/index.php\/wp-json\/wp\/v2\/comments?post=678"}],"version-history":[{"count":2,"href":"https:\/\/elpuclitico.cl\/index.php\/wp-json\/wp\/v2\/posts\/678\/revisions"}],"predecessor-version":[{"id":727,"href":"https:\/\/elpuclitico.cl\/index.php\/wp-json\/wp\/v2\/posts\/678\/revisions\/727"}],"wp:featuredmedia":[{"embeddable":true,"href":"https:\/\/elpuclitico.cl\/index.php\/wp-json\/wp\/v2\/media\/680"}],"wp:attachment":[{"href":"https:\/\/elpuclitico.cl\/index.php\/wp-json\/wp\/v2\/media?parent=678"}],"wp:term":[{"taxonomy":"category","embeddable":true,"href":"https:\/\/elpuclitico.cl\/index.php\/wp-json\/wp\/v2\/categories?post=678"},{"taxonomy":"post_tag","embeddable":true,"href":"https:\/\/elpuclitico.cl\/index.php\/wp-json\/wp\/v2\/tags?post=678"}],"curies":[{"name":"wp","href":"https:\/\/api.w.org\/{rel}","templated":true}]}}