{"id":747,"date":"2022-08-13T16:40:44","date_gmt":"2022-08-13T16:40:44","guid":{"rendered":"http:\/\/elpuclitico.cl\/?p=747"},"modified":"2022-08-13T16:46:05","modified_gmt":"2022-08-13T16:46:05","slug":"rectoria-cede-se-permitira-propaganda-politica-sobre-el-plebiscito","status":"publish","type":"post","link":"https:\/\/elpuclitico.cl\/index.php\/2022\/08\/13\/rectoria-cede-se-permitira-propaganda-politica-sobre-el-plebiscito\/","title":{"rendered":"Rector\u00eda cede: se permitir\u00e1 propaganda pol\u00edtica sobre el plebiscito"},"content":{"rendered":"\n<p><em>Posibilitar la campa\u00f1a tanto por el apruebo como por el rechazo fue la principal resoluci\u00f3n alcanzada el d\u00eda jueves 11 de agosto tras una reuni\u00f3n que el Rector Ignacio Sanchez sostuvo con la Directiva FEUC y Consejer\u00eda Superior, en la cual se alcanzaron una serie de acuerdos que se espera que ambas partes cumplan para permitir que haya propaganda pol\u00edtica por parte de representantes hacia alguna de las dos opciones que se disputar\u00e1n este 4 de septiembre.<\/em><\/p>\n\n\n\n<p>Durante las \u00faltimas semanas, junto con el regreso a clases y con las votaciones del plebiscito de salida a la vuelta de la esquina, Rector\u00eda inform\u00f3 que, en el contexto del pr\u00f3ximo proceso plebiscitario, no se podr\u00e1 realizar ning\u00fan tipo de propaganda frente al apruebo o el rechazo, justificando esta decisi\u00f3n en la b\u00fasqueda de privilegiar la independencia y el respeto a todos los miembros de la comunidad.&nbsp;<\/p>\n\n\n\n<p>Ante esta situaci\u00f3n, el Consejo FEUC que tuvo lugar el lunes 8 public\u00f3 una declaraci\u00f3n estableciendo que:&nbsp;<\/p>\n\n\n\n<ul class=\"wp-block-list\"><li>La expresi\u00f3n de preferencias es fundamental en cualquier democracia y que \u201cse torna a\u00fan m\u00e1s relevante en el contexto universitario, el cual, por definici\u00f3n, debe ser un espacio en donde las distintas ideas sobre el mundo, el pa\u00eds y la pol\u00edtica contingente deben poder confrontarse en un ambiente de respeto\u201d<\/li><li>Existe una alerta por el rol que tom\u00f3 Rector\u00eda al se\u00f1alar la prohibici\u00f3n de realizar propaganda, pues \u201ces lo suficientemente vaga como para permitir a las autoridades de la Universidad restringir arbitrariamente cualquier tipo de actividad.\u201d<\/li><li>Se considera que la apelaci\u00f3n a la Ley Electoral por parte de la universidad es \u201cimpropia\u201d ya que su interpretaci\u00f3n se asocia m\u00e1s con una decisi\u00f3n pol\u00edtica desde la Universidad antes que una raz\u00f3n para prohibir propaganda pol\u00edtica.<\/li><\/ul>\n\n\n\n<p>Los diversos movimientos estudiantiles manifestaron su oposici\u00f3n respecto a la postura de Rector\u00eda tal que, desde el Consejo FEUC sucedido, a trav\u00e9s de comunicados p\u00fablicos y manifestaciones se gener\u00f3 una cr\u00edtica general en donde se enfatiz\u00f3 que \u201cla UC censura\u201d. Si deseas m\u00e1s informaci\u00f3n sobre las reacciones del Consejo FEUC y representantes estudiantiles, te invitamos a leer la <a href=\"https:\/\/elpuclitico.cl\/index.php\/2022\/08\/09\/remezon-contra-rectoria-por-censura\/\" target=\"_blank\" rel=\"noreferrer noopener\">siguiente nota<\/a>.<\/p>\n\n\n\n<p>\u00bfQu\u00e9 sucedi\u00f3 desde entonces? El jueves 11 de agosto, la FEUC y Consejer\u00eda Superior, junto a la Rector\u00eda de la universidad, se reunieron para dialogar sobre dicha restricci\u00f3n, ya que esta era una de las principales preocupaciones de representantes estudiantiles.<\/p>\n\n\n\n<p>A partir de lo informado en un comunicado enviado por la Directiva FEUC, Rector\u00eda cambi\u00f3 de opini\u00f3n y permitir\u00e1, de ahora en adelante, la manifestaci\u00f3n de ambas opciones dentro de la universidad, y adem\u00e1s \u201centendi\u00f3 las confusiones que gener\u00f3 su mandato y se comprometi\u00f3 a rectificar las para no afectar otras actividades, tales como debates, conversatorios, foros, talleres, entre otras instancias de car\u00e1cter informativo\u201d. Por lo tanto, se podr\u00e1n realizar todo tipo de actividades tanto de car\u00e1cter informativo general, como de propaganda hacia ambas opciones, apruebo o rechazo, en espacios delimitados por la universidad que se dar\u00e1n a conocer pr\u00f3ximamente.\u00a0<\/p>\n\n\n\n<p>El comunicado enviado por la Directiva FEUC y la Consejer\u00eda Superior finaliza mencionando que \u201ceste acuerdo es un cierre que da cuenta de la importancia de un estudiantado activo, presente y preocupado por las decisiones y el rumbo que toma el pa\u00eds\u201d, y agradecen a Rector\u00eda, representantes estudiantiles y movimientos pol\u00edticos por organizarse para alcanzar un consenso amplio que permita la expresi\u00f3n pol\u00edtica de alguna de las opciones que se votar\u00e1n en el plebiscito de este 4 de septiembre sobre la Propuesta de Nueva Constituci\u00f3n.<\/p>\n","protected":false},"excerpt":{"rendered":"<p>Posibilitar la campa\u00f1a tanto por el apruebo como por el rechazo fue la principal resoluci\u00f3n alcanzada el d\u00eda jueves 11 de agosto tras una reuni\u00f3n que el Rector Ignacio Sanchez sostuvo con la Directiva FEUC y Consejer\u00eda Superior, en la cual se alcanzaron una serie de acuerdos que se espera que ambas partes cumplan para [&hellip;]<\/p>\n","protected":false},"author":1,"featured_media":749,"comment_status":"open","ping_status":"open","sticky":false,"template":"","format":"standard","meta":{"_eb_attr":"","_gspb_post_css":"","om_disable_all_campaigns":false,"_monsterinsights_skip_tracking":false,"_monsterinsights_sitenote_active":false,"_monsterinsights_sitenote_note":"","_monsterinsights_sitenote_category":0,"footnotes":""},"categories":[14],"tags":[],"class_list":["post-747","post","type-post","status-publish","format-standard","has-post-thumbnail","hentry","category-actualidad"],"blocksy_meta":[],"aioseo_notices":[],"_links":{"self":[{"href":"https:\/\/elpuclitico.cl\/index.php\/wp-json\/wp\/v2\/posts\/747","targetHints":{"allow":["GET"]}}],"collection":[{"href":"https:\/\/elpuclitico.cl\/index.php\/wp-json\/wp\/v2\/posts"}],"about":[{"href":"https:\/\/elpuclitico.cl\/index.php\/wp-json\/wp\/v2\/types\/post"}],"author":[{"embeddable":true,"href":"https:\/\/elpuclitico.cl\/index.php\/wp-json\/wp\/v2\/users\/1"}],"replies":[{"embeddable":true,"href":"https:\/\/elpuclitico.cl\/index.php\/wp-json\/wp\/v2\/comments?post=747"}],"version-history":[{"count":2,"href":"https:\/\/elpuclitico.cl\/index.php\/wp-json\/wp\/v2\/posts\/747\/revisions"}],"predecessor-version":[{"id":752,"href":"https:\/\/elpuclitico.cl\/index.php\/wp-json\/wp\/v2\/posts\/747\/revisions\/752"}],"wp:featuredmedia":[{"embeddable":true,"href":"https:\/\/elpuclitico.cl\/index.php\/wp-json\/wp\/v2\/media\/749"}],"wp:attachment":[{"href":"https:\/\/elpuclitico.cl\/index.php\/wp-json\/wp\/v2\/media?parent=747"}],"wp:term":[{"taxonomy":"category","embeddable":true,"href":"https:\/\/elpuclitico.cl\/index.php\/wp-json\/wp\/v2\/categories?post=747"},{"taxonomy":"post_tag","embeddable":true,"href":"https:\/\/elpuclitico.cl\/index.php\/wp-json\/wp\/v2\/tags?post=747"}],"curies":[{"name":"wp","href":"https:\/\/api.w.org\/{rel}","templated":true}]}}