{"id":800,"date":"2022-09-12T15:26:44","date_gmt":"2022-09-12T15:26:44","guid":{"rendered":"http:\/\/elpuclitico.cl\/?p=800"},"modified":"2026-02-14T04:17:32","modified_gmt":"2026-02-14T04:17:32","slug":"conmemoraciones-e-intervenciones-las-postales-que-dejo-el-11-de-septiembre-en-santiago","status":"publish","type":"post","link":"https:\/\/elpuclitico.cl\/index.php\/2022\/09\/12\/conmemoraciones-e-intervenciones-las-postales-que-dejo-el-11-de-septiembre-en-santiago\/","title":{"rendered":"Conmemoraciones e intervenciones: las postales que dej\u00f3 el 11 de septiembre en Santiago"},"content":{"rendered":"\n<p><em>La transmisi\u00f3n del \u00faltimo discurso de Salvador Allende, la ida a Londres 38 y recorridos por el Estadio Nacional fueron parte del cronograma que el Colectivo de Memoria y Derechos Humanos UC ten\u00eda para el d\u00eda de hoy, 11 de septiembre, a 49 a\u00f1os del golpe de estado que comenz\u00f3 con la dictadura c\u00edvico-militar del General Augusto Pinochet. Adicionalmente, intervenciones art\u00edsticas y conmemorativas marcaron la jornada en Santiago, donde el Cementerio General y el Estadio Nacional fueron espacios en los que se concentr\u00f3 mucha gente de la capital.<\/em><\/p>\n\n\n\n<p>Al igual que todos los a\u00f1os, cada 11 de septiembre se realizan en distintos sectores del pa\u00eds conmemoraciones sobre el golpe militar realizado esa misma fecha en 1973, con la finalidad de no olvidar dicho suceso y las consecuencias que tuvo sobre la sociedad chilena. Bajo las consignas de memoria, justicia, reparaci\u00f3n y garant\u00edas de no repetici\u00f3n, distintos colectivos y organizaciones de la sociedad civil se movilizaron este domingo captando la atenci\u00f3n de los medios de comunicaci\u00f3n y del gobierno, espacios en los que el estudiantado UC no es ajeno.<\/p>\n\n\n\n<p><strong>El Estadio Nacional: zona de conmemoraci\u00f3n e intervenci\u00f3n<\/strong><\/p>\n\n\n\n<p>Monumento hist\u00f3rico nacional y tradicional espacio en el que todos los a\u00f1os re\u00fanen a familias, organizaciones y colectivos civiles por haber sido uno de los centros de detenci\u00f3n y tortura m\u00e1s grandes durante la dictadura militar, el Estadio Nacional se llen\u00f3 de actos conmemorativos, danzas e intervenciones art\u00edsticas.&nbsp;<\/p>\n\n\n\n<p>Fue en este contexto en que El PUCl\u00edtico contact\u00f3 con Emilia R\u00edos, alcaldesa de \u00d1u\u00f1oa, para que comentara la convocatoria y significado de la misma.<\/p>\n\n\n\n<figure class=\"wp-block-audio\"><audio controls src=\"https:\/\/elpuclitico.cl\/wp-content\/uploads\/2022\/09\/Audio_Entrevista-Emilia-Rios-El-PUClitico.mp3\"><\/audio><figcaption><strong>Entrevista a Emilia R\u00edos, alcaldesa de \u00d1u\u00f1oa<\/strong><\/figcaption><\/figure>\n\n\n\n<blockquote class=\"wp-block-quote is-layout-flow wp-block-quote-is-layout-flow\"><p>\u201c<em>Hace muchos a\u00f1os que la corporaci\u00f3n Estadio Nacional &#8211; Memoria Nacional organiza este acto, todos los 11 de septiembre, que es un momento en el cual familiares de detenidos desaparecidos, comunidad en general, se re\u00fane a conmemorar. El Estadio Nacional es el centro de tortura m\u00e1s grande del pa\u00eds, y por lo tanto esta es una fecha muy importante de memoria, de reconocimiento a las deudas del estado, y lo que pasa cuando las herramientas del estado se ocupan como herramientas de persecuci\u00f3n pol\u00edtica.<\/em>\u201d<\/p><cite>&#8211; Emilia R\u00edos, alcaldesa de \u00d1u\u00f1oa.<\/cite><\/blockquote>\n\n\n\n<p>As\u00ed tambi\u00e9n, durante la jornada nos acompa\u00f1aron estudiantes de Teatro UC quienes realizaron interpretaciones musicales de las d\u00e9cimas \u201cEl Golpe\u201d de Roberto Parra al frente del estadio.<\/p>\n\n\n\n<figure class=\"wp-block-video\"><video height=\"352\" style=\"aspect-ratio: 640 \/ 352;\" width=\"640\" controls src=\"https:\/\/elpuclitico.cl\/wp-content\/uploads\/2022\/09\/Presentacion-Teatro-UC-El-PUClitico.mp4\"><\/video><figcaption><strong>Extracto intervenci\u00f3n art\u00edstica de estudiantes de Teatro UC en el Estadio Nacional<\/strong><\/figcaption><\/figure>\n\n\n\n<p><strong>La presencia del estudiantado UC<\/strong><\/p>\n\n\n\n<p>Desde el Colectivo de Memoria y Derechos Humanos UC, impulsado por estudiantes de la misma casa de estudios as\u00ed como tambi\u00e9n ex-estudiantes, docentes y otros integrantes asociados, lideraron los actos conmemorativos este d\u00eda desde el estudiantado UC. Comenzando con una concentraci\u00f3n inicial en el frontis del campus Casa Central, esta reprodujeron el \u00faltimo discurso del ex-presidente Salvador Allende. Luego, con un espacio de palabras del colectivo y personas asistentes, se dirigieron a la entrada de Londres 38 -espacio de detenci\u00f3n y tortura durante la dictadura militar- y a la estatua de Salvador Allende en la Plaza de la Constituci\u00f3n, rindiendo homenajes en ambos espacios.<\/p>\n\n\n\n<p>Ya en la tarde del mismo d\u00eda, el Colectivo ofreci\u00f3 gu\u00eda para realizar los recorridos en Estadio Nacional. Fue en esta instancia en donde El PUCl\u00edtico habl\u00f3 con Amelia Santander, coordinadora interna del Colectivo de Memoria.<\/p>\n\n\n\n<blockquote class=\"wp-block-quote is-layout-flow wp-block-quote-is-layout-flow\"><p><strong><em>Cu\u00e9ntanos, \u00bfqu\u00e9 realizaron este d\u00eda y con qu\u00e9 motivo realizaron las actividades que convocaron?<\/em><\/strong><\/p><\/blockquote>\n\n\n\n<p><em>Primero se puso en Casa Central el \u00faltimo discurso de Allende, despu\u00e9s, entiendo que se avanz\u00f3 a distintos puntos de memoria y despu\u00e9s llegamos aqu\u00ed al Estadio Nacional como a las 15:30. Hicimos el recorrido que se tiene del lugar, y todo esto porque es la tarea del colectivo cuidar la memoria, promoverla y esto porque creemos que es algo esencial en todos los espacios, tanto dentro como fuera de la universidad.<\/em><\/p>\n\n\n\n<p>Posteriormente, cuando se le consult\u00f3 por el avance de la UC en esta materia, la coordinadora interna del colectivo enfatiz\u00f3 en que \u201cla UC como instituci\u00f3n no ha hecho mucho. Nunca se ha pedido alg\u00fan tipo de disculpa por el rol que tuvo a nivel de instituci\u00f3n. Nosotres como colectivo hemos hecho distintos actos como las placas, como son memoriales, en los que no ha estado involucrada la instituci\u00f3n en s\u00ed\u201d.&nbsp;<\/p>\n\n\n\n<blockquote class=\"wp-block-quote is-layout-flow wp-block-quote-is-layout-flow\"><p><strong><em>\u00bfQu\u00e9 dir\u00edas que le falta a la UC para avanzar en esta materia?<\/em><\/strong><\/p><\/blockquote>\n\n\n\n<p><em>Reconocimiento. Sigue habiendo un pacto de silencio dentro de la UC como instituci\u00f3n, que hace que sigan siendo c\u00f3mplices de cierta manera.&nbsp;<\/em><\/p>\n\n\n\n<p>Por otro lado, el Colectivo no fue la \u00fanica organizaci\u00f3n del estudiantado que se moviliz\u00f3 en este d\u00eda. Desde Surgencia hasta Solidaridad, pasando por Avanzar y la Nueva Acci\u00f3n Universitaria, hubieron reflexiones y pronunciamientos sobre este d\u00eda en las redes sociales de los movimientos y colectivos pol\u00edticos de la UC, exceptuando al Movimiento Gremial no emiti\u00f3 declaraciones durante ese d\u00eda. Fue vista tambi\u00e9n la presencia de las Juventudes Comunistas de la Universidad Cat\u00f3lica. \u201cNo olvidamos el silencio que la universidad profes\u00f3 en esos a\u00f1os (&#8230;). Es por ello que esperamos de la UC un compromiso real con la redacci\u00f3n de una nueva Constituci\u00f3n -en democracia-, un compromiso irrestricto con la defensa de los DD.HH. y que no se d\u00e9 m\u00e1s espacio al negacionismo en los espacios universitarios\u201d, declararon.<\/p>\n","protected":false},"excerpt":{"rendered":"<p>La transmisi\u00f3n del \u00faltimo discurso de Salvador Allende, la ida a Londres 38 y recorridos por el Estadio Nacional fueron parte del cronograma que el Colectivo de Memoria y Derechos Humanos UC ten\u00eda para el d\u00eda de hoy, 11 de septiembre, a 49 a\u00f1os del golpe de estado que comenz\u00f3 con la dictadura c\u00edvico-militar del [&hellip;]<\/p>\n","protected":false},"author":1,"featured_media":810,"comment_status":"open","ping_status":"open","sticky":false,"template":"","format":"standard","meta":{"_eb_attr":"","_gspb_post_css":"","om_disable_all_campaigns":false,"_monsterinsights_skip_tracking":false,"_monsterinsights_sitenote_active":false,"_monsterinsights_sitenote_note":"","_monsterinsights_sitenote_category":0,"footnotes":""},"categories":[14,15,65],"tags":[],"class_list":["post-800","post","type-post","status-publish","format-standard","has-post-thumbnail","hentry","category-actualidad","category-cultura","category-tiempolibre"],"blocksy_meta":[],"aioseo_notices":[],"_links":{"self":[{"href":"https:\/\/elpuclitico.cl\/index.php\/wp-json\/wp\/v2\/posts\/800","targetHints":{"allow":["GET"]}}],"collection":[{"href":"https:\/\/elpuclitico.cl\/index.php\/wp-json\/wp\/v2\/posts"}],"about":[{"href":"https:\/\/elpuclitico.cl\/index.php\/wp-json\/wp\/v2\/types\/post"}],"author":[{"embeddable":true,"href":"https:\/\/elpuclitico.cl\/index.php\/wp-json\/wp\/v2\/users\/1"}],"replies":[{"embeddable":true,"href":"https:\/\/elpuclitico.cl\/index.php\/wp-json\/wp\/v2\/comments?post=800"}],"version-history":[{"count":5,"href":"https:\/\/elpuclitico.cl\/index.php\/wp-json\/wp\/v2\/posts\/800\/revisions"}],"predecessor-version":[{"id":1483,"href":"https:\/\/elpuclitico.cl\/index.php\/wp-json\/wp\/v2\/posts\/800\/revisions\/1483"}],"wp:featuredmedia":[{"embeddable":true,"href":"https:\/\/elpuclitico.cl\/index.php\/wp-json\/wp\/v2\/media\/810"}],"wp:attachment":[{"href":"https:\/\/elpuclitico.cl\/index.php\/wp-json\/wp\/v2\/media?parent=800"}],"wp:term":[{"taxonomy":"category","embeddable":true,"href":"https:\/\/elpuclitico.cl\/index.php\/wp-json\/wp\/v2\/categories?post=800"},{"taxonomy":"post_tag","embeddable":true,"href":"https:\/\/elpuclitico.cl\/index.php\/wp-json\/wp\/v2\/tags?post=800"}],"curies":[{"name":"wp","href":"https:\/\/api.w.org\/{rel}","templated":true}]}}